{"id":2165,"date":"2017-07-24T16:35:25","date_gmt":"2017-07-24T19:35:25","guid":{"rendered":"http:\/\/www.cofecon.org.br\/?p=2165"},"modified":"2017-07-24T16:35:25","modified_gmt":"2017-07-24T19:35:25","slug":"familia-do-ex-presidente-francisco-magalhaes-recebeu-homenagem-do-cofecon","status":"publish","type":"post","link":"https:\/\/cofecon.org.br\/cofecon\/?p=2165","title":{"rendered":"Fam\u00edlia do ex-presidente Francisco Magalh\u00e3es recebeu homenagem do Cofecon"},"content":{"rendered":"<p style=\"text-align: justify;\"><img loading=\"lazy\" decoding=\"async\" class=\"size-medium wp-image-2167 alignleft\" src=\"http:\/\/www.cofecon.org.br\/wp-content\/uploads\/2017\/07\/homenagem_2_24.07.2017-300x214.jpg\" alt=\"\" width=\"300\" height=\"214\" srcset=\"https:\/\/cofecon.org.br\/cofecon\/wp-content\/uploads\/2017\/07\/homenagem_2_24.07.2017-300x214.jpg 300w, https:\/\/cofecon.org.br\/cofecon\/wp-content\/uploads\/2017\/07\/homenagem_2_24.07.2017.jpg 350w\" sizes=\"(max-width: 300px) 100vw, 300px\" \/>O Conselho Federal de Economia homenageou, nesta segunda-feira (24\/07), a mem\u00f3ria do economista Francisco de Borja B. Magalh\u00e3es Filho, que foi presidente da autarquia em 1997. Falecido em 2010, o ex-presidente foi representado pelos filhos Wilson Soares de Magalh\u00e3es, V\u00e2nia Soares de Magalh\u00e3es e Leandro Machado de Magalh\u00e3es, al\u00e9m do neto Luciano Damasceno Ferreira de Magalh\u00e3es. A cerim\u00f4nia para entrega de placa comemorativa ocorreu na sede do Cofecon, em Bras\u00edlia.<\/p>\n<p style=\"text-align: justify;\">Na ocasi\u00e3o, o presidente do Cofecon, J\u00falio Miragaya, ressaltou as qualidades de Francisco Magalh\u00e3es. \u201cTive a oportunidade de conviver com ele quando eu fui conselheiro do Conselho Regional de Economia do Distrito Federal (Corecon-DF). Ele foi um presidente muito dedicado ao Sistema Cofecon\/Corecons e muito aberto ao debate pol\u00edtico. Vale destacar que muitos economistas estudaram a hist\u00f3ria da economia brasileira e mundial pelo livro escrito por Magalh\u00e3es, e que at\u00e9 hoje eu recorro para ter informa\u00e7\u00f5es sobre aspectos relevantes. Temos muita satisfa\u00e7\u00e3o em ter tido um professor t\u00e3o brilhante como presidente do Cofecon\u201d, destacou J\u00falio Miragaya.<\/p>\n<p style=\"text-align: justify;\">Dos tr\u00eas filhos presentes, um deles seguiu o caminho do pai. Leandro de Magalh\u00e3es se formou em Economia e atua como pesquisador na Inglaterra. Graduado pela Universidade de Bras\u00edlia (UnB), conquistou o segundo lugar no Pr\u00eamio Brasil de Economia em 2001, o que, segundo o economista, o motivou para seguir estudando. \u201cFico muito honrado em receber essa homenagem pelo meu pai. Acredito que as homenagens s\u00e3o interessantes porque mant\u00eam viva a hist\u00f3ria da Economia e a import\u00e2ncia que os economistas t\u00eam para a hist\u00f3ria do pa\u00eds, elas lembram que fazemos parte disso\u201d, declarou Leandro de Magalh\u00e3es.<\/p>\n<p style=\"text-align: justify;\">O Cofecon tem homenageado ex-presidentes que exerceram o mandato h\u00e1 10, 20 e 30 anos. Neste ano, tamb\u00e9m ser\u00e3o homenageados os ex-presidentes Renato Ilgenfritz da Silva (1987) e Syn\u00e9sio Batista da Costa (2007), com cerim\u00f4nias nos respectivos estados. Em 2016, Cofecon e Corecon-DF homenagearam dois ex-presidentes: D\u00e9rcio Garcia Munhoz, que ocupou o cargo em 1986, e Jos\u00e9 Luiz Pagnussat, que foi presidente em 1996. <a href=\"http:\/\/www.cofecon.org.br\/2016\/08\/15\/cofecon-homenageia-ex-presidentes-dercio-munhoz-e-jose-luiz-pagnussat\/\"><span style=\"text-decoration: underline;\"><strong>Clique AQUI para acessar mais informa\u00e7\u00f5es sobre esse evento.<\/strong><\/span><\/a><\/p>\n<p style=\"text-align: center;\"><strong><img loading=\"lazy\" decoding=\"async\" class=\"size-medium wp-image-2166 aligncenter\" src=\"http:\/\/www.cofecon.org.br\/wp-content\/uploads\/2017\/07\/homenagem_24.07.2017-300x225.jpg\" alt=\"\" width=\"300\" height=\"225\" srcset=\"https:\/\/cofecon.org.br\/cofecon\/wp-content\/uploads\/2017\/07\/homenagem_24.07.2017-300x225.jpg 300w, https:\/\/cofecon.org.br\/cofecon\/wp-content\/uploads\/2017\/07\/homenagem_24.07.2017-400x300.jpg 400w, https:\/\/cofecon.org.br\/cofecon\/wp-content\/uploads\/2017\/07\/homenagem_24.07.2017.jpg 500w\" sizes=\"(max-width: 300px) 100vw, 300px\" \/>Funcion\u00e1rios do Cofecon e do Corecon-DF prestigiaram o evento.<\/strong><\/p>\n","protected":false},"excerpt":{"rendered":"<p>O Conselho Federal de Economia homenageou, nesta segunda-feira (24\/07), a mem\u00f3ria do economista Francisco de Borja B. Magalh\u00e3es Filho, que foi presidente da autarquia em 1997. Falecido em 2010, o ex-presidente foi representado pelos filhos Wilson Soares de Magalh\u00e3es, V\u00e2nia<\/p>\n<p><a class=\"more-link\" href=\"https:\/\/cofecon.org.br\/cofecon\/?p=2165\">Leia Mais<\/a><\/p>\n","protected":false},"author":1,"featured_media":2167,"comment_status":"open","ping_status":"open","sticky":false,"template":"","format":"standard","meta":{"footnotes":""},"categories":[2],"tags":[],"class_list":["post-2165","post","type-post","status-publish","format-standard","has-post-thumbnail","hentry","category-noticias"],"_links":{"self":[{"href":"https:\/\/cofecon.org.br\/cofecon\/index.php?rest_route=\/wp\/v2\/posts\/2165"}],"collection":[{"href":"https:\/\/cofecon.org.br\/cofecon\/index.php?rest_route=\/wp\/v2\/posts"}],"about":[{"href":"https:\/\/cofecon.org.br\/cofecon\/index.php?rest_route=\/wp\/v2\/types\/post"}],"author":[{"embeddable":true,"href":"https:\/\/cofecon.org.br\/cofecon\/index.php?rest_route=\/wp\/v2\/users\/1"}],"replies":[{"embeddable":true,"href":"https:\/\/cofecon.org.br\/cofecon\/index.php?rest_route=%2Fwp%2Fv2%2Fcomments&post=2165"}],"version-history":[{"count":0,"href":"https:\/\/cofecon.org.br\/cofecon\/index.php?rest_route=\/wp\/v2\/posts\/2165\/revisions"}],"wp:featuredmedia":[{"embeddable":true,"href":"https:\/\/cofecon.org.br\/cofecon\/index.php?rest_route=\/wp\/v2\/media\/2167"}],"wp:attachment":[{"href":"https:\/\/cofecon.org.br\/cofecon\/index.php?rest_route=%2Fwp%2Fv2%2Fmedia&parent=2165"}],"wp:term":[{"taxonomy":"category","embeddable":true,"href":"https:\/\/cofecon.org.br\/cofecon\/index.php?rest_route=%2Fwp%2Fv2%2Fcategories&post=2165"},{"taxonomy":"post_tag","embeddable":true,"href":"https:\/\/cofecon.org.br\/cofecon\/index.php?rest_route=%2Fwp%2Fv2%2Ftags&post=2165"}],"curies":[{"name":"wp","href":"https:\/\/api.w.org\/{rel}","templated":true}]}}