{"id":2161,"date":"2017-07-24T13:18:36","date_gmt":"2017-07-24T16:18:36","guid":{"rendered":"http:\/\/www.cofecon.org.br\/?p=2161"},"modified":"2017-07-24T13:18:36","modified_gmt":"2017-07-24T16:18:36","slug":"artigo-legislar-o-entulho-financeiro-pelo-emprego","status":"publish","type":"post","link":"https:\/\/cofecon.org.br\/cofecon\/?p=2161","title":{"rendered":"Artigo &#8211; Legislar o entulho financeiro, pelo emprego."},"content":{"rendered":"<p style=\"text-align: justify;\"><img loading=\"lazy\" decoding=\"async\" class=\"size-medium wp-image-2162 alignleft\" src=\"http:\/\/www.cofecon.org.br\/wp-content\/uploads\/2017\/07\/bolsos-vazios-300x214.jpg\" alt=\"\" width=\"300\" height=\"214\" srcset=\"https:\/\/cofecon.org.br\/cofecon\/wp-content\/uploads\/2017\/07\/bolsos-vazios-300x214.jpg 300w, https:\/\/cofecon.org.br\/cofecon\/wp-content\/uploads\/2017\/07\/bolsos-vazios.jpg 350w\" sizes=\"(max-width: 300px) 100vw, 300px\" \/>A inadimpl\u00eancia para os consumidores brasileiros, segundo Exame\/ Serasa, em junho\/2017, chegou a 61 milh\u00f5es agentes econ\u00f4micos. Isso representa algo em torno de 50% da Popula\u00e7\u00e3o Economicamente Ativa, entre 10 a 65 anos. Para Bras\u00edlia, estima-se em 700 mil consumidores inadimplentes.<\/p>\n<p style=\"text-align: justify;\">O problema n\u00e3o se resume a inadimpl\u00eancia em si, \u00e9 que, ao deixar de pagar as d\u00edvidas, o inadimplente fica impedido de ir ao consumo. Trava-se a demanda, principalmente a de m\u00e9dio e a de longo prazo. \u00a0Demanda Zero, salvam-se o b\u00e1sico. Em n\u00edvel de Brasil, \u00e9 como se um ve\u00edculo de dois pistons se movesse com um deles comprometido, \u00e9 claro que este deslocamento se far\u00e1 a meia pot\u00eancia. Em economia isso tem nome: mais desemprego, menos consumo, mais quebradeira na oferta, empresas fechando as portas e mais endividamento nas empresas &#8211; que hoje chega a casa de 5,1 milh\u00f5es endividadas -, maior risco de empr\u00e9stimo e mais juros altos.<\/p>\n<p style=\"text-align: justify;\">\u00c9 \u00f3bvio que as pesquisas econ\u00f4micas precisam ir fundo no assunto para caucionar as a\u00e7\u00f5es legislativas federais. Precisa se separar o joio do trigo com muito cuidado porque as ra\u00edzes das causas da inadimpl\u00eancia encontram-se entrela\u00e7adas em problemas realmente econ\u00f4micos, como queda na renda, juros abusivos e o desemprego, mas tamb\u00e9m em problemas psicossociais &#8211; como diz o Paulinho da Viola, dinheiro na m\u00e3o \u00e9 vendaval, na m\u00e3o de um sonhador.<\/p>\n<p style=\"text-align: justify;\">Seja como for \u00e0 m\u00e9dia, segundo a Exame: cada brasileiro inadimplente tem tr\u00eas d\u00edvidas acumuladas, que somam R$ 8370,00. Essa d\u00edvida representa 3 vezes o ganho m\u00e9dio do brasileiro. Pela legisla\u00e7\u00e3o a ser elaborada, o Ministro da Fazenda, observando os \u00edndices de infla\u00e7\u00e3o e de taxas de juros e da inadimpl\u00eancia generalizada, ficaria autorizado a baixar uma norma que orienta o mercado a fazer a renegocia\u00e7\u00e3o das d\u00edvidas. Conhecimento t\u00e9cnico nos temos para isso.<\/p>\n<p style=\"text-align: justify;\">Em 1996, publiquei um livro de matem\u00e1tica financeira: Modelo Geral de Sistemas de Amortiza\u00e7\u00e3o, que prev\u00ea matematicamente a renegocia\u00e7\u00e3o de contratos financeiros. Os primeiros n\u00fameros brasileiros est\u00e3o dizendo que deixar ao sabor do mercado, a negocia\u00e7\u00e3o da inadimpl\u00eancia generalizada causara um estrago maior para todos. Sem demanda clara e atuante, sobe a capacidade ociosa e o mercado n\u00e3o investe. Sem investimento n\u00e3o se gera emprego novo.<\/p>\n<p><strong>Carlos Magno &#8211; Economista e Escritor.<\/strong><\/p>\n","protected":false},"excerpt":{"rendered":"<p>A inadimpl\u00eancia para os consumidores brasileiros, segundo Exame\/ Serasa, em junho\/2017, chegou a 61 milh\u00f5es agentes econ\u00f4micos. Isso representa algo em torno de 50% da Popula\u00e7\u00e3o Economicamente Ativa, entre 10 a 65 anos. Para Bras\u00edlia, estima-se em 700 mil consumidores<\/p>\n<p><a class=\"more-link\" href=\"https:\/\/cofecon.org.br\/cofecon\/?p=2161\">Leia Mais<\/a><\/p>\n","protected":false},"author":1,"featured_media":2162,"comment_status":"open","ping_status":"open","sticky":false,"template":"","format":"standard","meta":{"footnotes":""},"categories":[6],"tags":[],"class_list":["post-2161","post","type-post","status-publish","format-standard","has-post-thumbnail","hentry","category-artigo"],"_links":{"self":[{"href":"https:\/\/cofecon.org.br\/cofecon\/index.php?rest_route=\/wp\/v2\/posts\/2161"}],"collection":[{"href":"https:\/\/cofecon.org.br\/cofecon\/index.php?rest_route=\/wp\/v2\/posts"}],"about":[{"href":"https:\/\/cofecon.org.br\/cofecon\/index.php?rest_route=\/wp\/v2\/types\/post"}],"author":[{"embeddable":true,"href":"https:\/\/cofecon.org.br\/cofecon\/index.php?rest_route=\/wp\/v2\/users\/1"}],"replies":[{"embeddable":true,"href":"https:\/\/cofecon.org.br\/cofecon\/index.php?rest_route=%2Fwp%2Fv2%2Fcomments&post=2161"}],"version-history":[{"count":0,"href":"https:\/\/cofecon.org.br\/cofecon\/index.php?rest_route=\/wp\/v2\/posts\/2161\/revisions"}],"wp:featuredmedia":[{"embeddable":true,"href":"https:\/\/cofecon.org.br\/cofecon\/index.php?rest_route=\/wp\/v2\/media\/2162"}],"wp:attachment":[{"href":"https:\/\/cofecon.org.br\/cofecon\/index.php?rest_route=%2Fwp%2Fv2%2Fmedia&parent=2161"}],"wp:term":[{"taxonomy":"category","embeddable":true,"href":"https:\/\/cofecon.org.br\/cofecon\/index.php?rest_route=%2Fwp%2Fv2%2Fcategories&post=2161"},{"taxonomy":"post_tag","embeddable":true,"href":"https:\/\/cofecon.org.br\/cofecon\/index.php?rest_route=%2Fwp%2Fv2%2Ftags&post=2161"}],"curies":[{"name":"wp","href":"https:\/\/api.w.org\/{rel}","templated":true}]}}