{"id":2158,"date":"2017-07-24T11:30:11","date_gmt":"2017-07-24T14:30:11","guid":{"rendered":"http:\/\/www.cofecon.org.br\/?p=2158"},"modified":"2017-07-24T11:30:11","modified_gmt":"2017-07-24T14:30:11","slug":"corecon-es-promove-palestra-sobre-cidadania-e-cooperativismo-financeiro","status":"publish","type":"post","link":"https:\/\/cofecon.org.br\/cofecon\/?p=2158","title":{"rendered":"Corecon-ES promove palestra sobre Cidadania e Cooperativismo Financeiro"},"content":{"rendered":"<p style=\"text-align: justify;\"><img loading=\"lazy\" decoding=\"async\" class=\"size-medium wp-image-2159 alignleft\" src=\"http:\/\/www.cofecon.org.br\/wp-content\/uploads\/2017\/07\/convite_corecon-es-300x214.jpg\" alt=\"\" width=\"300\" height=\"214\" srcset=\"https:\/\/cofecon.org.br\/cofecon\/wp-content\/uploads\/2017\/07\/convite_corecon-es-300x214.jpg 300w, https:\/\/cofecon.org.br\/cofecon\/wp-content\/uploads\/2017\/07\/convite_corecon-es.jpg 350w\" sizes=\"(max-width: 300px) 100vw, 300px\" \/>O Conselho Regional de Economia do Esp\u00edrito Santo (Corecon-ES) promove, no dia 2 de agosto, evento em comemora\u00e7\u00e3o ao Dia do Economista, celebrado no dia 13 do mesmo m\u00eas. A programa\u00e7\u00e3o inclui uma palestra que ser\u00e1 ministrada pela chefe do Departamento de Educa\u00e7\u00e3o Financeira do Banco Central do Brasil, Elvira Cruvinel Ferreira, com o tema \u201cCidadania e Cooperativismo Financeiro\u201d. A solenidade ter\u00e1 in\u00edcio \u00e0s 18h40, no Prime Hall, localizado no Clube dos Oficiais, em Jardim da Penha, Vit\u00f3ria.<\/p>\n<p style=\"text-align: justify;\">O evento contar\u00e1 ainda com premia\u00e7\u00e3o dos melhores artigos de economistas e as monografias elaboradas por estudantes dos cursos de Ci\u00eancias Econ\u00f4micas e tamb\u00e9m a homenagem ao Economista Destaque 2017, Jos\u00e9 Luiz Soares Orrico.<\/p>\n<p style=\"text-align: justify;\">Economistas interessados em participar podem fazer a inscri\u00e7\u00e3o no evento divulgado na p\u00e1gina do Corecon-ES no Facebook ou direto no link de inscri\u00e7\u00f5es clicando <a href=\"https:\/\/www.sympla.com.br\/dia-do-economista__162958\">aqui<\/a>.<\/p>\n<p>&nbsp;<\/p>\n","protected":false},"excerpt":{"rendered":"<p>O Conselho Regional de Economia do Esp\u00edrito Santo (Corecon-ES) promove, no dia 2 de agosto, evento em comemora\u00e7\u00e3o ao Dia do Economista, celebrado no dia 13 do mesmo m\u00eas. A programa\u00e7\u00e3o inclui uma palestra que ser\u00e1 ministrada pela chefe do<\/p>\n<p><a class=\"more-link\" href=\"https:\/\/cofecon.org.br\/cofecon\/?p=2158\">Leia Mais<\/a><\/p>\n","protected":false},"author":1,"featured_media":2159,"comment_status":"open","ping_status":"open","sticky":false,"template":"","format":"standard","meta":{"footnotes":""},"categories":[2],"tags":[],"class_list":["post-2158","post","type-post","status-publish","format-standard","has-post-thumbnail","hentry","category-noticias"],"_links":{"self":[{"href":"https:\/\/cofecon.org.br\/cofecon\/index.php?rest_route=\/wp\/v2\/posts\/2158"}],"collection":[{"href":"https:\/\/cofecon.org.br\/cofecon\/index.php?rest_route=\/wp\/v2\/posts"}],"about":[{"href":"https:\/\/cofecon.org.br\/cofecon\/index.php?rest_route=\/wp\/v2\/types\/post"}],"author":[{"embeddable":true,"href":"https:\/\/cofecon.org.br\/cofecon\/index.php?rest_route=\/wp\/v2\/users\/1"}],"replies":[{"embeddable":true,"href":"https:\/\/cofecon.org.br\/cofecon\/index.php?rest_route=%2Fwp%2Fv2%2Fcomments&post=2158"}],"version-history":[{"count":0,"href":"https:\/\/cofecon.org.br\/cofecon\/index.php?rest_route=\/wp\/v2\/posts\/2158\/revisions"}],"wp:featuredmedia":[{"embeddable":true,"href":"https:\/\/cofecon.org.br\/cofecon\/index.php?rest_route=\/wp\/v2\/media\/2159"}],"wp:attachment":[{"href":"https:\/\/cofecon.org.br\/cofecon\/index.php?rest_route=%2Fwp%2Fv2%2Fmedia&parent=2158"}],"wp:term":[{"taxonomy":"category","embeddable":true,"href":"https:\/\/cofecon.org.br\/cofecon\/index.php?rest_route=%2Fwp%2Fv2%2Fcategories&post=2158"},{"taxonomy":"post_tag","embeddable":true,"href":"https:\/\/cofecon.org.br\/cofecon\/index.php?rest_route=%2Fwp%2Fv2%2Ftags&post=2158"}],"curies":[{"name":"wp","href":"https:\/\/api.w.org\/{rel}","templated":true}]}}