{"id":21532,"date":"2023-11-08T11:22:49","date_gmt":"2023-11-08T14:22:49","guid":{"rendered":"https:\/\/www.cofecon.org.br\/?p=21532"},"modified":"2023-11-08T11:22:49","modified_gmt":"2023-11-08T14:22:49","slug":"presidente-do-cofecon-defende-tributacao-internacional-e-transmite-mensagem-de-paz","status":"publish","type":"post","link":"https:\/\/cofecon.org.br\/cofecon\/?p=21532","title":{"rendered":"Presidente do Cofecon defende tributa\u00e7\u00e3o internacional e transmite mensagem de paz"},"content":{"rendered":"<p class=\"Standard\"><i>\u201c\u00c9 inconceb\u00edvel que, passados mais de 20 anos do terceiro mil\u00eanio, ainda assistamos humanos destruindo humanos, inclusive mulheres, crian\u00e7as e idosos\u201d, expressou Paulo Dantas da Costa<\/i><\/p>\n<p class=\"Standard\">Durante a abertura do XXV Congresso Brasileiro de Economia, que se realiza de 07 a 09 de novembro em S\u00e3o Lu\u00eds, Maranh\u00e3o, o presidente do Cofecon, Paulo Dantas da Costa, defendeu um modelo de tributa\u00e7\u00e3o internacional para combater a fome e a mis\u00e9ria. Na proposta do economista, este tributo incidiria sobre os fluxos cambiais, teria potenciais efeitos colaterais positivos e um potencial para arrecadar US$ 1,8 trilh\u00e3o.<\/p>\n<p class=\"Standard\">Ao iniciar a fala de abertura do evento, Paulo Dantas destacou a import\u00e2ncia dos economistas no debate de temas econ\u00f4micos, \u201cnotadamente aqueles relacionados \u00e0s rendas e ao estoque de riquezas\u201d. Lembrou dos dois primeiros objetivos da Agenda 2030 das Na\u00e7\u00f5es Unidas: acabar com a pobreza, em todas as suas formas, em todos os lugares; e acabar com a fome, alcan\u00e7ar a seguran\u00e7a alimentar e melhoria da nutri\u00e7\u00e3o e promover a agricultura sustent\u00e1vel.<\/p>\n<p class=\"Standard\">\u201cEm junho de 2020 os economistas Joseph Stiglitz, Tomas Piketty, Jos\u00e9 Antonio Ocampo e a economista Jayati Ghosh, diante da perda de arrecada\u00e7\u00e3o dos governos em raz\u00e3o da crise da Covid-19, imaginaram o uso de mecanismos tribut\u00e1rios mundiais que pudessem alcan\u00e7ar as grandes corpora\u00e7\u00f5es e oligop\u00f3lios e as grandes plataformas e provedores digitais que atuam na Internet, no contexto de um movimento por eles denominado de reforma tribut\u00e1ria global\u201d, comentou Dantas. \u201cEm outro momento, junho de 2021, os ministros de finan\u00e7as e presidentes dos bancos centrais do G7 propuseram a cria\u00e7\u00e3o de um imposto corporativo global incidente sobre o lucro das grandes multinacionais, particularmente das gigantes digitais. Neste ano o ministro da economia da Fran\u00e7a, Bruno Le Maire, informou que as negocia\u00e7\u00f5es no \u00e2mbito da OCDE estavam bloqueadas devido \u00e0 oposi\u00e7\u00e3o de v\u00e1rios pa\u00edses\u201d.<\/p>\n<p class=\"Standard\">Como as propostas n\u00e3o t\u00eam evolu\u00eddo satisfatoriamente, Paulo Dantas prop\u00f4s o conceito de uma nova governan\u00e7a mundial. \u201cA humanidade carece de pr\u00e1ticas que possibilitem o bem-estar ou mesmo a sobreviv\u00eancia de todos\u201d, apontou. E defendeu um modelo de tributa\u00e7\u00e3o sobre os fluxos cambiais, com uma al\u00edquota de 0,1%: \u201cEste tributo n\u00e3o afetaria a livre movimenta\u00e7\u00e3o de capitais, gerando arrecada\u00e7\u00e3o completamente fora dos or\u00e7amentos nacionais, uma vez que as opera\u00e7\u00f5es t\u00eam caracter\u00edsticas puramente internacionais. Al\u00e9m disso, poderia contribuir no enfrentamento \u00e0 movimenta\u00e7\u00e3o de dinheiro sujo e no esvaziamento dos para\u00edsos fiscais\u201d. Este tributo internacional teria um potencial arrecadat\u00f3rio de US$ 1,8 trilh\u00e3o, que poderia ser aplicado nas na\u00e7\u00f5es mais pobres nas \u00e1reas de habita\u00e7\u00e3o, sa\u00fade, saneamento, enfrentamento a quest\u00f5es clim\u00e1ticas e, principalmente, no combate \u00e0 fome e \u00e0 mis\u00e9ria.<\/p>\n<p class=\"Standard\">Dantas tamb\u00e9m falou sobre a necessidade de atualizar a legisla\u00e7\u00e3o profissional do economista e comentou o esfor\u00e7o que o Cofecon tem feito neste sentido. E finalizou expressando uma mensagem de paz: \u201c\u00c9 inconceb\u00edvel que, passados mais de 20 anos do terceiro mil\u00eanio, mulheres e homens do nosso tempo ainda assistimos humanos destruindo humanos, inclusive mulheres, crian\u00e7as e idosos\u201d, lamentou o presidente, recebendo neste momento um vasto aplauso. \u201cSeria do mais alto valor que em cada evento da dimens\u00e3o e import\u00e2ncia deste que estamos iniciando, algu\u00e9m levantasse uma voz em favor da paz\u201d.<\/p>\n<p class=\"Standard\">\n","protected":false},"excerpt":{"rendered":"<p>\u201c\u00c9 inconceb\u00edvel que, passados mais de 20 anos do terceiro mil\u00eanio, ainda assistamos humanos destruindo humanos, inclusive mulheres, crian\u00e7as e idosos\u201d, expressou Paulo Dantas da Costa Durante a abertura do XXV Congresso Brasileiro de Economia, que se realiza de 07<\/p>\n<p><a class=\"more-link\" href=\"https:\/\/cofecon.org.br\/cofecon\/?p=21532\">Leia Mais<\/a><\/p>\n","protected":false},"author":1,"featured_media":21540,"comment_status":"closed","ping_status":"closed","sticky":false,"template":"","format":"standard","meta":{"footnotes":""},"categories":[2],"tags":[],"class_list":["post-21532","post","type-post","status-publish","format-standard","has-post-thumbnail","hentry","category-noticias"],"_links":{"self":[{"href":"https:\/\/cofecon.org.br\/cofecon\/index.php?rest_route=\/wp\/v2\/posts\/21532"}],"collection":[{"href":"https:\/\/cofecon.org.br\/cofecon\/index.php?rest_route=\/wp\/v2\/posts"}],"about":[{"href":"https:\/\/cofecon.org.br\/cofecon\/index.php?rest_route=\/wp\/v2\/types\/post"}],"author":[{"embeddable":true,"href":"https:\/\/cofecon.org.br\/cofecon\/index.php?rest_route=\/wp\/v2\/users\/1"}],"replies":[{"embeddable":true,"href":"https:\/\/cofecon.org.br\/cofecon\/index.php?rest_route=%2Fwp%2Fv2%2Fcomments&post=21532"}],"version-history":[{"count":0,"href":"https:\/\/cofecon.org.br\/cofecon\/index.php?rest_route=\/wp\/v2\/posts\/21532\/revisions"}],"wp:featuredmedia":[{"embeddable":true,"href":"https:\/\/cofecon.org.br\/cofecon\/index.php?rest_route=\/wp\/v2\/media\/21540"}],"wp:attachment":[{"href":"https:\/\/cofecon.org.br\/cofecon\/index.php?rest_route=%2Fwp%2Fv2%2Fmedia&parent=21532"}],"wp:term":[{"taxonomy":"category","embeddable":true,"href":"https:\/\/cofecon.org.br\/cofecon\/index.php?rest_route=%2Fwp%2Fv2%2Fcategories&post=21532"},{"taxonomy":"post_tag","embeddable":true,"href":"https:\/\/cofecon.org.br\/cofecon\/index.php?rest_route=%2Fwp%2Fv2%2Ftags&post=21532"}],"curies":[{"name":"wp","href":"https:\/\/api.w.org\/{rel}","templated":true}]}}