{"id":2136,"date":"2017-07-20T17:15:41","date_gmt":"2017-07-20T20:15:41","guid":{"rendered":"http:\/\/www.cofecon.org.br\/?p=2136"},"modified":"2017-07-20T17:15:41","modified_gmt":"2017-07-20T20:15:41","slug":"presidente-do-cofecon-cumpriu-agenda-em-boa-vista","status":"publish","type":"post","link":"https:\/\/cofecon.org.br\/cofecon\/?p=2136","title":{"rendered":"Presidente do Cofecon cumpriu agenda em Boa Vista"},"content":{"rendered":"<div id=\"attachment_2138\" style=\"width: 310px\" class=\"wp-caption alignleft\"><img loading=\"lazy\" decoding=\"async\" aria-describedby=\"caption-attachment-2138\" class=\"size-medium wp-image-2138\" src=\"http:\/\/www.cofecon.org.br\/wp-content\/uploads\/2017\/07\/corecon-rr-1-300x214.jpg\" alt=\"\" width=\"300\" height=\"214\" srcset=\"https:\/\/cofecon.org.br\/cofecon\/wp-content\/uploads\/2017\/07\/corecon-rr-1-300x214.jpg 300w, https:\/\/cofecon.org.br\/cofecon\/wp-content\/uploads\/2017\/07\/corecon-rr-1.jpg 350w\" sizes=\"(max-width: 300px) 100vw, 300px\" \/><p id=\"caption-attachment-2138\" class=\"wp-caption-text\">O Presidente CORECON-RR, Econ.C\u00edcero Ivo M.B. J\u00fanior; o Presidente do COFECON, Econ. J\u00falio Miragaya; o Vice- presidente do CORECON-RR, Econ. F\u00e1bio Rodrigues Martinez; e o Tesoureiro do CORECON-RR, Econ. Rubens de Souza Farias.<\/p><\/div>\n<p style=\"text-align: justify;\">O presidente do Cofecon, J\u00falio Miragaya, esteve em Boa Vista (RR) no dia 19 de julho para participar do Semin\u00e1rio do Projeto Estruturante de Cosm\u00e9ticos de base florestal da Amaz\u00f4nia \u2013 Roraima, representando o Sebrae no DF, do qual \u00e9 Diretor T\u00e9cnico e de Atendimento. Aproveitando a estadia na cidade, participou da Plen\u00e1ria realizada pelo Conselho Regional de Economia de Roraima (Corecon-RR), presidido pelo economista C\u00edcero Ivo Moura Bezerra Jr, onde ouviu as demandas dos economistas do estado. J\u00falio Miragaya tamb\u00e9m participou de reuni\u00e3o com o secret\u00e1rio de Planejamento do estado, Haroldo Amoras, e concedeu entrevistas ao jornal Folha de Boa Vista e ao portal G1 de Roraima sobre conjuntura econ\u00f4mica nacional.<\/p>\n<div id=\"attachment_2137\" style=\"width: 310px\" class=\"wp-caption aligncenter\"><img loading=\"lazy\" decoding=\"async\" aria-describedby=\"caption-attachment-2137\" class=\"size-medium wp-image-2137\" src=\"http:\/\/www.cofecon.org.br\/wp-content\/uploads\/2017\/07\/plenaria_rr-300x166.jpg\" alt=\"\" width=\"300\" height=\"166\" srcset=\"https:\/\/cofecon.org.br\/cofecon\/wp-content\/uploads\/2017\/07\/plenaria_rr-300x166.jpg 300w, https:\/\/cofecon.org.br\/cofecon\/wp-content\/uploads\/2017\/07\/plenaria_rr.jpg 453w\" sizes=\"(max-width: 300px) 100vw, 300px\" \/><p id=\"caption-attachment-2137\" class=\"wp-caption-text\">Conselheiro Econ. Rubens de Souza Farias; Conselheira Econ.Luciana Silva de Souza; Conselheira Econ. Terezinha de Jesus Andrade da Silva;<\/p>\n<p>Econ. Flor\u00eancio Costa Melo; Presidente do CORECON-RR, Econ. C\u00edcero Ivo M.B. J\u00fanior; Presidente do COFECON, J\u00falio Miragaya; Vice- presidente do CORECON-RR, Econ. F\u00e1bio Rodrigues Martinez; Conselheiro Econ. Natalino Ara\u00fajo Paiva; Conselheira Econ. Rosil\u00e2nia de Brito Uch\u00f4a; Conselheiro Econ. Milton Antonio do Nascimento e o Conselheiro Econ. Luiz Carlos de Souza Ara\u00fajo.<\/p><\/div>\n","protected":false},"excerpt":{"rendered":"<p>O presidente do Cofecon, J\u00falio Miragaya, esteve em Boa Vista (RR) no dia 19 de julho para participar do Semin\u00e1rio do Projeto Estruturante de Cosm\u00e9ticos de base florestal da Amaz\u00f4nia \u2013 Roraima, representando o Sebrae no DF, do qual \u00e9<\/p>\n<p><a class=\"more-link\" href=\"https:\/\/cofecon.org.br\/cofecon\/?p=2136\">Leia Mais<\/a><\/p>\n","protected":false},"author":1,"featured_media":2137,"comment_status":"open","ping_status":"open","sticky":false,"template":"","format":"standard","meta":{"footnotes":""},"categories":[2],"tags":[],"class_list":["post-2136","post","type-post","status-publish","format-standard","has-post-thumbnail","hentry","category-noticias"],"_links":{"self":[{"href":"https:\/\/cofecon.org.br\/cofecon\/index.php?rest_route=\/wp\/v2\/posts\/2136"}],"collection":[{"href":"https:\/\/cofecon.org.br\/cofecon\/index.php?rest_route=\/wp\/v2\/posts"}],"about":[{"href":"https:\/\/cofecon.org.br\/cofecon\/index.php?rest_route=\/wp\/v2\/types\/post"}],"author":[{"embeddable":true,"href":"https:\/\/cofecon.org.br\/cofecon\/index.php?rest_route=\/wp\/v2\/users\/1"}],"replies":[{"embeddable":true,"href":"https:\/\/cofecon.org.br\/cofecon\/index.php?rest_route=%2Fwp%2Fv2%2Fcomments&post=2136"}],"version-history":[{"count":0,"href":"https:\/\/cofecon.org.br\/cofecon\/index.php?rest_route=\/wp\/v2\/posts\/2136\/revisions"}],"wp:featuredmedia":[{"embeddable":true,"href":"https:\/\/cofecon.org.br\/cofecon\/index.php?rest_route=\/wp\/v2\/media\/2137"}],"wp:attachment":[{"href":"https:\/\/cofecon.org.br\/cofecon\/index.php?rest_route=%2Fwp%2Fv2%2Fmedia&parent=2136"}],"wp:term":[{"taxonomy":"category","embeddable":true,"href":"https:\/\/cofecon.org.br\/cofecon\/index.php?rest_route=%2Fwp%2Fv2%2Fcategories&post=2136"},{"taxonomy":"post_tag","embeddable":true,"href":"https:\/\/cofecon.org.br\/cofecon\/index.php?rest_route=%2Fwp%2Fv2%2Ftags&post=2136"}],"curies":[{"name":"wp","href":"https:\/\/api.w.org\/{rel}","templated":true}]}}