{"id":2130,"date":"2017-07-20T15:08:47","date_gmt":"2017-07-20T18:08:47","guid":{"rendered":"http:\/\/www.cofecon.org.br\/?p=2130"},"modified":"2017-07-20T15:08:47","modified_gmt":"2017-07-20T18:08:47","slug":"eleito-economista-do-ano-pelo-cofecon-antonio-correa-de-lacerda-ministra-palestra-em-blumenau","status":"publish","type":"post","link":"https:\/\/cofecon.org.br\/cofecon\/?p=2130","title":{"rendered":"Eleito Personalidade Econ\u00f4mica do ano pelo Cofecon, Antonio Corr\u00eaa de Lacerda ministra palestra em Blumenau"},"content":{"rendered":"<p style=\"text-align: justify;\"><img loading=\"lazy\" decoding=\"async\" class=\"size-medium wp-image-2131 alignleft\" src=\"http:\/\/www.cofecon.org.br\/wp-content\/uploads\/2017\/07\/antonio_lacerda-300x214.jpg\" alt=\"\" width=\"300\" height=\"214\" srcset=\"https:\/\/cofecon.org.br\/cofecon\/wp-content\/uploads\/2017\/07\/antonio_lacerda-300x214.jpg 300w, https:\/\/cofecon.org.br\/cofecon\/wp-content\/uploads\/2017\/07\/antonio_lacerda.jpg 350w\" sizes=\"(max-width: 300px) 100vw, 300px\" \/>O\u00a0Conselho Regional de Economia\u00a0(CORECON-SC) traz\u00a0Antonio Corr\u00eaa de Lacerda\u00a0para uma palestra p\u00fablica e gratuita em Blumenau, no dia\u00a021 de julho, \u00e0s 19h, no audit\u00f3rio da Universidade Regional de Blumenau (Furb). Lacerda foi escolhido pelo Conselho Federal de Economia para receber o t\u00edtulo Personalidade Econ\u00f4mica do ano de 2016, que ser\u00e1 entregue no 22\u00ba Congresso Brasileiro de Economia, a ser realizado de 6 a 8 de setembro em Belo Horizonte.<\/p>\n<p style=\"text-align: justify;\">A palestra do economista em Blumenau integra o calend\u00e1rio das comemora\u00e7\u00f5es que antecedem o dia 13 de agosto, data que marca o Dia do Economista. Santa Catarina conta atualmente com sete faculdade de Economia, que formam, anualmente, uma m\u00e9dia de 300 economistas, profissionais\u00a0 multifuncionais, atuando tanto em bancos e setores financeiros, como tamb\u00e9m em ramos da \u00e1rea comercial, administrativa e internacional.<\/p>\n<p style=\"text-align: justify;\">Sobre o palestrante<\/p>\n<p style=\"text-align: justify;\">Doutor em Economia, pelo Instituto de Economia da UNICAMP, Mestre em Economia Pol\u00edtica e Economista. Professor-doutor e coordenador do Programa de Estudos P\u00f3s-graduados em Economia Pol\u00edtica da PUC-SP. Professor associado da Funda\u00e7\u00e3o Dom Cabral e da Funda\u00e7\u00e3o Instituto de Administra\u00e7\u00e3o (FIA). Membro do GACINT \u2013 Grupo de An\u00e1lise de Conjuntura Internacional, da USP. \u00c9 consultor econ\u00f4mico, s\u00f3cio principal da ACLacerda- Consultores Associados Ltda. Foi economista-chefe e estrategista da Siemens Brasil.Foi um dos fundadores da SOBEET- (Sociedade Brasileira de Estudos de Empresas Transnacionais e Globaliza\u00e7\u00e3o), entidade da qual foi presidente (2000-2005), vice-presidente (1998 a 2000) e atual membro do seu Conselho Consultivo. Ex-presidente do Cofecon- Conselho Federal de Economia (1999) e do Conselho Regional de Economia de S\u00e3o Paulo-Corecon-SP(1995-1997). Foi presidente do Conselho Fiscal da PreviSiemens,(2006-2013), membro do Conselho Fiscal da Eletrobr\u00e1s (1995-1997), diretor do Depecon- Departamento de Economia da FIESP (1998-2002) e do CIESP (2003-2007) e da Abinee (1998-2012). \u00c9 membro do Conselho Superior de Economia (Cosec), da FIESP, do Conselho Tem\u00e1tico de Pol\u00edtica Econ\u00f4mica(Copec) da CNI. \u00c9 autor de v\u00e1rios artigos e 12 livros, como \u201cDesnacionaliza\u00e7\u00e3o\u201d (Contexto,2000), um dos ganhadores do Pr\u00eamio Jabuti, da C\u00e2mara Brasileira do Livro, na \u00e1rea de economia.\u00a0\u00c9 articulista colaborador de \u201cO Estado de S. Paulo\u201d e outras publica\u00e7\u00f5es. Foi homenageado com a Comenda Mario Henrique Simonsen, do Corecon-SP, como economista de destaque (2011).Recebeu o pr\u00eamio Personalidade Econ\u00f4mica 2013, da CNTU, Confedera\u00e7\u00e3o National dos Trabalhadores Universit\u00e1rios.<\/p>\n<p style=\"text-align: justify;\">Agende-se:<br \/>\n<strong>Palestra gratuita com economista Antonio Corr\u00eaa de Lacerda\u00a0<\/strong><br \/>\n <strong>Onde?<\/strong>\u00a0Audit\u00f3rio do Bloco J, da Furb, em Blumenau.<br \/>\n <strong>Quando?<\/strong>\u00a0Dia 21 de julho de 2017.<br \/>\n <strong>Hor\u00e1rio?<\/strong>\u00a019 horas.<\/p>\n<p style=\"text-align: justify;\"><strong>Informa\u00e7\u00f5es adicionais<\/strong>:<br \/>\n Marilene Rodrigues, Assessora de Imprensa do Corecon-SC<br \/>\n Fonte\/WhatsApp (48) 99841-8707<\/p>\n","protected":false},"excerpt":{"rendered":"<p>O\u00a0Conselho Regional de Economia\u00a0(CORECON-SC) traz\u00a0Antonio Corr\u00eaa de Lacerda\u00a0para uma palestra p\u00fablica e gratuita em Blumenau, no dia\u00a021 de julho, \u00e0s 19h, no audit\u00f3rio da Universidade Regional de Blumenau (Furb). Lacerda foi escolhido pelo Conselho Federal de Economia para receber o<\/p>\n<p><a class=\"more-link\" href=\"https:\/\/cofecon.org.br\/cofecon\/?p=2130\">Leia Mais<\/a><\/p>\n","protected":false},"author":1,"featured_media":2131,"comment_status":"open","ping_status":"open","sticky":false,"template":"","format":"standard","meta":{"footnotes":""},"categories":[2],"tags":[],"class_list":["post-2130","post","type-post","status-publish","format-standard","has-post-thumbnail","hentry","category-noticias"],"_links":{"self":[{"href":"https:\/\/cofecon.org.br\/cofecon\/index.php?rest_route=\/wp\/v2\/posts\/2130"}],"collection":[{"href":"https:\/\/cofecon.org.br\/cofecon\/index.php?rest_route=\/wp\/v2\/posts"}],"about":[{"href":"https:\/\/cofecon.org.br\/cofecon\/index.php?rest_route=\/wp\/v2\/types\/post"}],"author":[{"embeddable":true,"href":"https:\/\/cofecon.org.br\/cofecon\/index.php?rest_route=\/wp\/v2\/users\/1"}],"replies":[{"embeddable":true,"href":"https:\/\/cofecon.org.br\/cofecon\/index.php?rest_route=%2Fwp%2Fv2%2Fcomments&post=2130"}],"version-history":[{"count":0,"href":"https:\/\/cofecon.org.br\/cofecon\/index.php?rest_route=\/wp\/v2\/posts\/2130\/revisions"}],"wp:featuredmedia":[{"embeddable":true,"href":"https:\/\/cofecon.org.br\/cofecon\/index.php?rest_route=\/wp\/v2\/media\/2131"}],"wp:attachment":[{"href":"https:\/\/cofecon.org.br\/cofecon\/index.php?rest_route=%2Fwp%2Fv2%2Fmedia&parent=2130"}],"wp:term":[{"taxonomy":"category","embeddable":true,"href":"https:\/\/cofecon.org.br\/cofecon\/index.php?rest_route=%2Fwp%2Fv2%2Fcategories&post=2130"},{"taxonomy":"post_tag","embeddable":true,"href":"https:\/\/cofecon.org.br\/cofecon\/index.php?rest_route=%2Fwp%2Fv2%2Ftags&post=2130"}],"curies":[{"name":"wp","href":"https:\/\/api.w.org\/{rel}","templated":true}]}}