{"id":2120,"date":"2017-07-20T09:56:48","date_gmt":"2017-07-20T12:56:48","guid":{"rendered":"http:\/\/www.cofecon.org.br\/?p=2120"},"modified":"2017-07-20T09:56:48","modified_gmt":"2017-07-20T12:56:48","slug":"artigo-politica-industrial","status":"publish","type":"post","link":"https:\/\/cofecon.org.br\/cofecon\/?p=2120","title":{"rendered":"Artigo &#8211; Pol\u00edtica Industrial"},"content":{"rendered":"<p style=\"text-align: justify;\"><span style=\"font-size: 12px; font-family: verdana,geneva,sans-serif;\">Um dos principais problemas do pa\u00eds tem sido a aus\u00eancia ou inefic\u00e1cia de Pol\u00edtica Industrial e Pol\u00edtica de Inova\u00e7\u00e3o. O Conselho Federal de Economia discutiu a quest\u00e3o em sua \u00faltima plen\u00e1ria e emitiu nota t\u00e9cnica sobre o assunto e v\u00ea neste fato a raz\u00e3o pela qual a economia brasileira encontra-se h\u00e1 36 anos com a produtividade estagnada.<\/span><\/p>\n<p style=\"text-align: justify;\"><span style=\"font-size: 12px; font-family: verdana,geneva,sans-serif;\">\u00c9 fundamental que tais pol\u00edticas tenham foco em setores estrat\u00e9gicos, prioridades e volume significativo de recursos, voltadas para promover a eleva\u00e7\u00e3o da complexidade produtiva. Estudos recentes realizados em Harvard e MIT t\u00eam comprovado empiricamente que s\u00e3o os pa\u00edses com estrutura produtiva mais complexa os que apresentam maior n\u00edvel de qualidade de vida de sua popula\u00e7\u00e3o.<\/span><\/p>\n<p style=\"text-align: justify;\"><span style=\"font-size: 12px; font-family: verdana,geneva,sans-serif;\">Tamb\u00e9m a OCDE, em seu\u00a0<em>Science, Technology and Innovation Outlook<\/em>\u00a0(2016), identifica um novo consenso sobre pol\u00edtica industrial entre pa\u00edses desenvolvidos e emergentes, marcado pela recupera\u00e7\u00e3o da competitividade industrial, impulsionando o ingresso na nova revolu\u00e7\u00e3o industrial baseada em ci\u00eancia e tecnologia. Tais refer\u00eancias confirmam a import\u00e2ncia da eleva\u00e7\u00e3o da complexidade produtiva como o caminho mais promissor para o desenvolvimento s\u00f3cio econ\u00f4mico do Brasil.<\/span><\/p>\n<p style=\"text-align: justify;\"><span style=\"font-size: 12px; font-family: verdana,geneva,sans-serif;\">Todavia, o governo vai na contram\u00e3o dessa tend\u00eancia, contingenciando as despesas de 2017 com ci\u00eancia e tecnologia em 44%, tendo restado valores reais inferiores a um ter\u00e7o dos existentes em 2010. Para 2018, a proposta inicial do Minist\u00e9rio do Planejamento prev\u00ea corte de quase 40% em rela\u00e7\u00e3o ao or\u00e7amento j\u00e1 reduzido deste ano. Tais medidas levar\u00e3o a perdas de dif\u00edcil repara\u00e7\u00e3o e manuten\u00e7\u00e3o do atraso que o Brasil vem acumulando em seu desenvolvimento social e econ\u00f4mico, em particular cient\u00edfico e tecnol\u00f3gico.<\/span><\/p>\n<p style=\"text-align: justify;\"><span style=\"font-size: 12px; font-family: verdana,geneva,sans-serif;\">Dessa forma, a recomposi\u00e7\u00e3o dos recursos p\u00fablicos destinados \u00e0 ci\u00eancia e tecnologia, al\u00e9m do fortalecimento das ag\u00eancias federais de fomento do setor \u2013 Capes, CNPq e Finep \u2013 \u00e9 medida crucial e inadi\u00e1vel.<\/span><\/p>\n<hr \/>\n<p style=\"text-align: justify;\"><span style=\"font-size: 12px; font-family: verdana,geneva,sans-serif;\"><strong>J\u00falio Miragaya, Presidente do Conselho Federal de Economia<\/strong><\/span><\/p>\n","protected":false},"excerpt":{"rendered":"<p>Um dos principais problemas do pa\u00eds tem sido a aus\u00eancia ou inefic\u00e1cia de Pol\u00edtica Industrial e Pol\u00edtica de Inova\u00e7\u00e3o. O Conselho Federal de Economia discutiu a quest\u00e3o em sua \u00faltima plen\u00e1ria e emitiu nota t\u00e9cnica sobre o assunto e v\u00ea<\/p>\n<p><a class=\"more-link\" href=\"https:\/\/cofecon.org.br\/cofecon\/?p=2120\">Leia Mais<\/a><\/p>\n","protected":false},"author":1,"featured_media":2121,"comment_status":"open","ping_status":"open","sticky":false,"template":"","format":"standard","meta":{"footnotes":""},"categories":[6],"tags":[],"class_list":["post-2120","post","type-post","status-publish","format-standard","has-post-thumbnail","hentry","category-artigo"],"_links":{"self":[{"href":"https:\/\/cofecon.org.br\/cofecon\/index.php?rest_route=\/wp\/v2\/posts\/2120"}],"collection":[{"href":"https:\/\/cofecon.org.br\/cofecon\/index.php?rest_route=\/wp\/v2\/posts"}],"about":[{"href":"https:\/\/cofecon.org.br\/cofecon\/index.php?rest_route=\/wp\/v2\/types\/post"}],"author":[{"embeddable":true,"href":"https:\/\/cofecon.org.br\/cofecon\/index.php?rest_route=\/wp\/v2\/users\/1"}],"replies":[{"embeddable":true,"href":"https:\/\/cofecon.org.br\/cofecon\/index.php?rest_route=%2Fwp%2Fv2%2Fcomments&post=2120"}],"version-history":[{"count":0,"href":"https:\/\/cofecon.org.br\/cofecon\/index.php?rest_route=\/wp\/v2\/posts\/2120\/revisions"}],"wp:featuredmedia":[{"embeddable":true,"href":"https:\/\/cofecon.org.br\/cofecon\/index.php?rest_route=\/wp\/v2\/media\/2121"}],"wp:attachment":[{"href":"https:\/\/cofecon.org.br\/cofecon\/index.php?rest_route=%2Fwp%2Fv2%2Fmedia&parent=2120"}],"wp:term":[{"taxonomy":"category","embeddable":true,"href":"https:\/\/cofecon.org.br\/cofecon\/index.php?rest_route=%2Fwp%2Fv2%2Fcategories&post=2120"},{"taxonomy":"post_tag","embeddable":true,"href":"https:\/\/cofecon.org.br\/cofecon\/index.php?rest_route=%2Fwp%2Fv2%2Ftags&post=2120"}],"curies":[{"name":"wp","href":"https:\/\/api.w.org\/{rel}","templated":true}]}}