{"id":21187,"date":"2023-09-21T18:04:37","date_gmt":"2023-09-21T21:04:37","guid":{"rendered":"https:\/\/www.cofecon.org.br\/?p=21187"},"modified":"2025-10-13T16:57:21","modified_gmt":"2025-10-13T19:57:21","slug":"cofecon-lanca-e-book-aplicacoes-da-ciencia-economica","status":"publish","type":"post","link":"https:\/\/cofecon.org.br\/cofecon\/?p=21187","title":{"rendered":"Cofecon lan\u00e7a e-book Aplica\u00e7\u00f5es da Ci\u00eancia Econ\u00f4mica"},"content":{"rendered":"<p>A Ci\u00eancia Econ\u00f4mica \u00e9 um campo de estudos de extensa riqueza, com as mais diversas aplica\u00e7\u00f5es te\u00f3ricas e pr\u00e1ticas. O instrumental oferecido por esta ci\u00eancia permite impactar pessoas, empresas e sociedade de maneiras variadas.<\/p>\n<p>Assim, com o objetivo de apresentar esse instrumental para economistas e estudantes, o Cofecon lan\u00e7a o e-book Aplica\u00e7\u00f5es da Ci\u00eancia Econ\u00f4mica: aprenda sobre as diversas \u00e1reas da economia. O livro digital, que re\u00fane aulas apresentados por especialistas por meio da plataforma EAD para Economistas, pode ser acessado <a href=\"http:\/\/app.isend.com.br\/iSend\/external\/magazine?encrypt=BEE6840B597E9F8A7AB0C5DB13C78368BD9387890E0B2C1BC5AA1AB8BEDE9C2D\">AQUI.<\/a><\/p>\n<p>Para o presidente do Cofecon, Econ. Paulo Dantas da Costa, o material servir\u00e1 de fonte de consulta para que interessados possam buscar, em meio digital, informa\u00e7\u00f5es pertinentes sobre a profiss\u00e3o. \u201cNosso desejo \u00e9 que o conte\u00fado apresentado sirva para abrir a maior quantidade poss\u00edvel de portas para atua\u00e7\u00e3o nessa profiss\u00e3o t\u00e3o gratificante e t\u00e3o relevante para a sociedade\u201d, afirmou.<\/p>\n<p><strong>Acesso a Oficinas e Certificados<\/strong><\/p>\n<p>Em seu lan\u00e7amento, a publica\u00e7\u00e3o aborda os temas economia comportamental, valuation e apura\u00e7\u00e3o de haveres, reestrutura\u00e7\u00e3o de empresas e economia feminista. O material \u00e9 apresentado em formato multim\u00eddia, incluindo podcasts. A conselheira federal Maria de F\u00e1tima Miranda, vice-coordenadora da Comiss\u00e3o de Educa\u00e7\u00e3o chama a aten\u00e7\u00e3o para o fato de as oficinais ficarem dispon\u00edveis permanentemente para os leitores. \u201cAl\u00e9m do e-book, interessados em se aprofundar nos temas poder\u00e3o se inscrever gratuitamente nas oficinas EAD sobre cada um dos temas, garantindo certificados de participa\u00e7\u00e3o\u201d, ressaltou.<\/p>\n<p><strong>Acompanhe as atualiza\u00e7\u00f5es<\/strong><\/p>\n<p>O e-book ser\u00e1 permanentemente atualizado, sempre que uma nova oficina for apresentada \u2013 o que configura uma oportunidade de aquisi\u00e7\u00e3o permanente e gratuita de conhecimento para atua\u00e7\u00e3o profissional. Fique atento: atualiza\u00e7\u00f5es ser\u00e3o sempre anunciadas pelo site e redes sociais do Cofecon.<\/p>\n<p><strong>Acesse, aprenda, compartilhe<\/strong><\/p>\n<p>Maria de F\u00e1tima acredita no efeito multiplicador da informa\u00e7\u00e3o e do conhecimento e deixa um recado para estudantes e economistas que al\u00e9m de acessarem o e-book \u201cn\u00e3o deixem de compartilhar com outros estudantes e colegas economistas as informa\u00e7\u00f5es apresentadas nesse material. Assim o conte\u00fado alcan\u00e7ar\u00e1 mais pessoas contribuindo para o fortalecimento profissional dos economistas em suas mais variadas \u00e1reas de atua\u00e7\u00e3o\u201d.<\/p>\n<p>Clique na imagem abaixo e acesse o livro digital!<\/p>\n<p><a href=\"https:\/\/app.isend.com.br\/iSend\/external\/magazine?encrypt=BEE6840B597E9F8A7AB0C5DB13C78368BD9387890E0B2C1BC5AA1AB8BEDE9C2D\"><img loading=\"lazy\" decoding=\"async\" class=\"wp-image-21193 aligncenter\" src=\"http:\/\/cofecon.org.br\/cofecon\/wp-content\/uploads\/2023\/09\/OIHA4Z1-300x202.png\" alt=\"\" width=\"630\" height=\"424\" srcset=\"https:\/\/cofecon.org.br\/cofecon\/wp-content\/uploads\/2023\/09\/OIHA4Z1-300x202.png 300w, https:\/\/cofecon.org.br\/cofecon\/wp-content\/uploads\/2023\/09\/OIHA4Z1-768x518.png 768w, https:\/\/cofecon.org.br\/cofecon\/wp-content\/uploads\/2023\/09\/OIHA4Z1-800x539.png 800w, https:\/\/cofecon.org.br\/cofecon\/wp-content\/uploads\/2023\/09\/OIHA4Z1.png 1000w\" sizes=\"(max-width: 630px) 100vw, 630px\" \/><\/a><\/p>\n","protected":false},"excerpt":{"rendered":"<p>A Ci\u00eancia Econ\u00f4mica \u00e9 um campo de estudos de extensa riqueza, com as mais diversas aplica\u00e7\u00f5es te\u00f3ricas e pr\u00e1ticas. O instrumental oferecido por esta ci\u00eancia permite impactar pessoas, empresas e sociedade de maneiras variadas. Assim, com o objetivo de apresentar<\/p>\n<p><a class=\"more-link\" href=\"https:\/\/cofecon.org.br\/cofecon\/?p=21187\">Leia Mais<\/a><\/p>\n","protected":false},"author":1,"featured_media":21188,"comment_status":"closed","ping_status":"closed","sticky":false,"template":"","format":"standard","meta":{"footnotes":""},"categories":[60,2],"tags":[],"class_list":["post-21187","post","type-post","status-publish","format-standard","has-post-thumbnail","hentry","category-acoes-da-presidencia-dantas","category-noticias"],"_links":{"self":[{"href":"https:\/\/cofecon.org.br\/cofecon\/index.php?rest_route=\/wp\/v2\/posts\/21187"}],"collection":[{"href":"https:\/\/cofecon.org.br\/cofecon\/index.php?rest_route=\/wp\/v2\/posts"}],"about":[{"href":"https:\/\/cofecon.org.br\/cofecon\/index.php?rest_route=\/wp\/v2\/types\/post"}],"author":[{"embeddable":true,"href":"https:\/\/cofecon.org.br\/cofecon\/index.php?rest_route=\/wp\/v2\/users\/1"}],"replies":[{"embeddable":true,"href":"https:\/\/cofecon.org.br\/cofecon\/index.php?rest_route=%2Fwp%2Fv2%2Fcomments&post=21187"}],"version-history":[{"count":1,"href":"https:\/\/cofecon.org.br\/cofecon\/index.php?rest_route=\/wp\/v2\/posts\/21187\/revisions"}],"predecessor-version":[{"id":26545,"href":"https:\/\/cofecon.org.br\/cofecon\/index.php?rest_route=\/wp\/v2\/posts\/21187\/revisions\/26545"}],"wp:featuredmedia":[{"embeddable":true,"href":"https:\/\/cofecon.org.br\/cofecon\/index.php?rest_route=\/wp\/v2\/media\/21188"}],"wp:attachment":[{"href":"https:\/\/cofecon.org.br\/cofecon\/index.php?rest_route=%2Fwp%2Fv2%2Fmedia&parent=21187"}],"wp:term":[{"taxonomy":"category","embeddable":true,"href":"https:\/\/cofecon.org.br\/cofecon\/index.php?rest_route=%2Fwp%2Fv2%2Fcategories&post=21187"},{"taxonomy":"post_tag","embeddable":true,"href":"https:\/\/cofecon.org.br\/cofecon\/index.php?rest_route=%2Fwp%2Fv2%2Ftags&post=21187"}],"curies":[{"name":"wp","href":"https:\/\/api.w.org\/{rel}","templated":true}]}}