{"id":21176,"date":"2023-09-18T10:26:52","date_gmt":"2023-09-18T13:26:52","guid":{"rendered":"https:\/\/www.cofecon.org.br\/?p=21176"},"modified":"2023-09-18T10:26:52","modified_gmt":"2023-09-18T13:26:52","slug":"artigo-de-opiniao-prioridade-para-a-reducao-das-desigualdades","status":"publish","type":"post","link":"https:\/\/cofecon.org.br\/cofecon\/?p=21176","title":{"rendered":"Artigo de opini\u00e3o &#8211; Prioridade para a redu\u00e7\u00e3o das desigualdades"},"content":{"rendered":"<p><em>Artigo de opini\u00e3o por Lauro Chaves Neto*<\/em><\/p>\n<p>A Constitui\u00e7\u00e3o Brasileira, no seu artigo 3\u2070, coloca, entre os objetivos fundamentais da Rep\u00fablica, a erradica\u00e7\u00e3o da pobreza e da marginaliza\u00e7\u00e3o, e a redu\u00e7\u00e3o das desigualdades sociais e regionais.<\/p>\n<p>A supera\u00e7\u00e3o desse problema exige um conjunto de pol\u00edticas p\u00fablicas mais amplas e coordenadas, al\u00e9m de um maior envolvimento e engajamento da iniciativa privada, com foco na agenda ESG, e da sociedade civil.<\/p>\n<p>Duas recentes iniciativas merecem destaque: O lan\u00e7amento do Pacto Nacional pelo combate \u00e0s Desigualdades, este reunindo mais de 200 organiza\u00e7\u00f5es da sociedade, com a atual coordena\u00e7\u00e3o do Conselho Federal de Economia (COFECON), e a instala\u00e7\u00e3o no Congresso Nacional da Frente Parlamentar de Combate \u00e0s Desigualdades Regionais.<\/p>\n<p>O relat\u00f3rio \u201cUm Retrato das Desigualdades no Brasil Hoje\u201d, do observat\u00f3rio brasileiro das desigualdades, traz uma sele\u00e7\u00e3o de 42 indicadores, em \u00e1reas como: sa\u00fade, renda, riqueza e trabalho, seguran\u00e7a p\u00fablica, clima e meio ambiente, desigualdades urbanas, acesso a servi\u00e7os b\u00e1sicos,\u00a0<a href=\"https:\/\/www.metropoles.com\/brasil\/relatorio-da-onu-mostra-que-brasil-tem-21-milhoes-de-pessoas-com-fome\">seguran\u00e7a alimentar<\/a>\u00a0e representa\u00e7\u00e3o pol\u00edtica.<\/p>\n<p>Ele mostra o v\u00e1cuo existente entre o conjunto de pol\u00edticas p\u00fablicas no enfrentamento desse fen\u00f4meno e a sua persist\u00eancia. Assim como a dificuldade de acesso dos mais vulner\u00e1veis, e de forma mais intensa de negros, mulheres e habitantes de territ\u00f3rios mais castigados pela desigualdade, a servi\u00e7os p\u00fablicos e direitos fundamentais b\u00e1sicos.<\/p>\n<p>\u00a0Alguns pontos abordados merecem destaque: a quest\u00e3o tribut\u00e1ria \u00e9 uma delas, enquanto os 10% mais ricos pagam 19,2% da sua renda em tributos os 10% mais pobres recolhem 26,6%, sendo a reforma tribut\u00e1ria uma oportunidade de contribuir com a redu\u00e7\u00e3o dessa distor\u00e7\u00e3o.<\/p>\n<p>Os 10% mais ricos obtinham, em 2022, um rendimento m\u00e9dio mensal per capita 14,4 vezes maior do que os 40% mais pobres. Cerca de 7,6 milh\u00f5es de brasileiros vivem com uma renda domiciliar per capita mensal menor do que R$ 150.<\/p>\n<p>Sempre \u00e9 importante refor\u00e7ar que o Brasil \u00e9 um pa\u00eds com profundas e complexas desigualdades de naturezas sociais e territoriais, raciais e de g\u00eanero, entre outros aspectos, que dificultam o desenvolvimento inclusivo e sustent\u00e1vel.<\/p>\n<p><em>*Lauro Chaves Neto \u00e9 conselheiro federal de economia, professor da UECE e presidente da Academia Cearense de Economia.<\/em><\/p>\n","protected":false},"excerpt":{"rendered":"<p>Artigo de opini\u00e3o por Lauro Chaves Neto* A Constitui\u00e7\u00e3o Brasileira, no seu artigo 3\u2070, coloca, entre os objetivos fundamentais da Rep\u00fablica, a erradica\u00e7\u00e3o da pobreza e da marginaliza\u00e7\u00e3o, e a redu\u00e7\u00e3o das desigualdades sociais e regionais. A supera\u00e7\u00e3o desse problema<\/p>\n<p><a class=\"more-link\" href=\"https:\/\/cofecon.org.br\/cofecon\/?p=21176\">Leia Mais<\/a><\/p>\n","protected":false},"author":1,"featured_media":21177,"comment_status":"closed","ping_status":"closed","sticky":false,"template":"","format":"standard","meta":{"footnotes":""},"categories":[6],"tags":[],"class_list":["post-21176","post","type-post","status-publish","format-standard","has-post-thumbnail","hentry","category-artigo"],"_links":{"self":[{"href":"https:\/\/cofecon.org.br\/cofecon\/index.php?rest_route=\/wp\/v2\/posts\/21176"}],"collection":[{"href":"https:\/\/cofecon.org.br\/cofecon\/index.php?rest_route=\/wp\/v2\/posts"}],"about":[{"href":"https:\/\/cofecon.org.br\/cofecon\/index.php?rest_route=\/wp\/v2\/types\/post"}],"author":[{"embeddable":true,"href":"https:\/\/cofecon.org.br\/cofecon\/index.php?rest_route=\/wp\/v2\/users\/1"}],"replies":[{"embeddable":true,"href":"https:\/\/cofecon.org.br\/cofecon\/index.php?rest_route=%2Fwp%2Fv2%2Fcomments&post=21176"}],"version-history":[{"count":0,"href":"https:\/\/cofecon.org.br\/cofecon\/index.php?rest_route=\/wp\/v2\/posts\/21176\/revisions"}],"wp:featuredmedia":[{"embeddable":true,"href":"https:\/\/cofecon.org.br\/cofecon\/index.php?rest_route=\/wp\/v2\/media\/21177"}],"wp:attachment":[{"href":"https:\/\/cofecon.org.br\/cofecon\/index.php?rest_route=%2Fwp%2Fv2%2Fmedia&parent=21176"}],"wp:term":[{"taxonomy":"category","embeddable":true,"href":"https:\/\/cofecon.org.br\/cofecon\/index.php?rest_route=%2Fwp%2Fv2%2Fcategories&post=21176"},{"taxonomy":"post_tag","embeddable":true,"href":"https:\/\/cofecon.org.br\/cofecon\/index.php?rest_route=%2Fwp%2Fv2%2Ftags&post=21176"}],"curies":[{"name":"wp","href":"https:\/\/api.w.org\/{rel}","templated":true}]}}