{"id":21172,"date":"2023-09-15T15:44:15","date_gmt":"2023-09-15T18:44:15","guid":{"rendered":"https:\/\/www.cofecon.org.br\/?p=21172"},"modified":"2023-09-15T15:44:15","modified_gmt":"2023-09-15T18:44:15","slug":"economia-comportamental-decisoes-alem-da-razao","status":"publish","type":"post","link":"https:\/\/cofecon.org.br\/cofecon\/?p=21172","title":{"rendered":"Podcast Economistas: Economia Comportamental: decis\u00f5es al\u00e9m da raz\u00e3o"},"content":{"rendered":"<p>Est\u00e1 no ar o mais recente epis\u00f3dio do podcast Economistas e, desta vez, apresentamos a Economia Comportamental. Voc\u00ea j\u00e1 ouviu falar sobre esse campo de estudos que est\u00e1 revolucionando a maneira como entendemos as escolhas econ\u00f4micas das pessoas?<\/p>\n<p>A Economia Comportamental desafia a ideia tradicional de que as decis\u00f5es s\u00e3o sempre racionais, revelando como fatores emocionais e cognitivos influenciam nossas escolhas. Neste epis\u00f3dio, nossos especialistas, Kaio Strelow e Edineia Souza, v\u00e3o explorar como os &#8220;nudges&#8221; e os vieses comportamentais podem moldar nosso comportamento, impactando desde a doa\u00e7\u00e3o de \u00f3rg\u00e3os at\u00e9 as finan\u00e7as pessoais.<\/p>\n<p>Al\u00e9m do podcast, voc\u00ea poder\u00e1 se aprofundar no tema Economia Comportamental por meio da Escola de Educa\u00e7\u00e3o a Dist\u00e2ncia para Economistas. Inscreva-se gratuitamente na oficina ministrada por Kaio Strelow e Edineia Souza e garanta o seu Certificado. Acesse <a class=\"fui-Link ___1eya986 f3rmtva f1ewtqcl fyind8e f1k6fduh f1w7gpdv fk6fouc fjoy568 figsok6 f1hu3pq6 f11qmguv f19f4twv f1tyq0we f1g0x7ka fhxju0i f1qch9an f1cnd47f fqv5qza f1vmzxwi f1o700av f13mvf36 f1cmlufx f9n3di6 f1ids18y f1tx3yz7 f1deo86v f1eh06m1 f1iescvh fhgqx19 f1olyrje f1p93eir f1nev41a f1h8hb77 f1x7u7e9 f10aw75t fsle3fq f17ae5zn\" title=\"https:\/\/cofecon.org\/ead\/\" href=\"https:\/\/cofecon.org\/ead\/\" target=\"_blank\" rel=\"noreferrer noopener\" aria-label=\"Link https:\/\/cofecon.org\/ead\/\">https:\/\/cofecon.org\/ead\/<\/a><\/p>\n<p>O podcast Economistas pode ser acessado nas plataformas Anchor, Breaker, Deezer, Google Podcasts, Apple Podcasts, Overcast, Castbox, Pocket Casts, RadioPublic e Spotify ou pelo player abaixo:<\/p>\n<p><iframe loading=\"lazy\" src=\"https:\/\/podcasters.spotify.com\/pod\/show\/economistas-cofecon\/embed\/episodes\/93---Economia-Comportamental-decises-alm-da-razo-e29cbuh\" width=\"800px\" height=\"204px\" frameborder=\"0\" scrolling=\"no\"><\/iframe><\/p>\n","protected":false},"excerpt":{"rendered":"<p>Est\u00e1 no ar o mais recente epis\u00f3dio do podcast Economistas e, desta vez, apresentamos a Economia Comportamental. Voc\u00ea j\u00e1 ouviu falar sobre esse campo de estudos que est\u00e1 revolucionando a maneira como entendemos as escolhas econ\u00f4micas das pessoas? A Economia<\/p>\n<p><a class=\"more-link\" href=\"https:\/\/cofecon.org.br\/cofecon\/?p=21172\">Leia Mais<\/a><\/p>\n","protected":false},"author":1,"featured_media":21173,"comment_status":"closed","ping_status":"closed","sticky":false,"template":"","format":"standard","meta":{"footnotes":""},"categories":[1],"tags":[],"class_list":["post-21172","post","type-post","status-publish","format-standard","has-post-thumbnail","hentry","category-sem-categoria"],"_links":{"self":[{"href":"https:\/\/cofecon.org.br\/cofecon\/index.php?rest_route=\/wp\/v2\/posts\/21172"}],"collection":[{"href":"https:\/\/cofecon.org.br\/cofecon\/index.php?rest_route=\/wp\/v2\/posts"}],"about":[{"href":"https:\/\/cofecon.org.br\/cofecon\/index.php?rest_route=\/wp\/v2\/types\/post"}],"author":[{"embeddable":true,"href":"https:\/\/cofecon.org.br\/cofecon\/index.php?rest_route=\/wp\/v2\/users\/1"}],"replies":[{"embeddable":true,"href":"https:\/\/cofecon.org.br\/cofecon\/index.php?rest_route=%2Fwp%2Fv2%2Fcomments&post=21172"}],"version-history":[{"count":0,"href":"https:\/\/cofecon.org.br\/cofecon\/index.php?rest_route=\/wp\/v2\/posts\/21172\/revisions"}],"wp:featuredmedia":[{"embeddable":true,"href":"https:\/\/cofecon.org.br\/cofecon\/index.php?rest_route=\/wp\/v2\/media\/21173"}],"wp:attachment":[{"href":"https:\/\/cofecon.org.br\/cofecon\/index.php?rest_route=%2Fwp%2Fv2%2Fmedia&parent=21172"}],"wp:term":[{"taxonomy":"category","embeddable":true,"href":"https:\/\/cofecon.org.br\/cofecon\/index.php?rest_route=%2Fwp%2Fv2%2Fcategories&post=21172"},{"taxonomy":"post_tag","embeddable":true,"href":"https:\/\/cofecon.org.br\/cofecon\/index.php?rest_route=%2Fwp%2Fv2%2Ftags&post=21172"}],"curies":[{"name":"wp","href":"https:\/\/api.w.org\/{rel}","templated":true}]}}