{"id":21166,"date":"2023-09-14T15:41:25","date_gmt":"2023-09-14T18:41:25","guid":{"rendered":"https:\/\/www.cofecon.org.br\/?p=21166"},"modified":"2023-09-14T15:41:25","modified_gmt":"2023-09-14T18:41:25","slug":"lacerda-participa-de-lancamento-na-camara-dos-deputados","status":"publish","type":"post","link":"https:\/\/cofecon.org.br\/cofecon\/?p=21166","title":{"rendered":"Lacerda participa de lan\u00e7amento na C\u00e2mara dos Deputados"},"content":{"rendered":"<p><em>Novas publica\u00e7\u00f5es do Centro de Estudos e Debates Estrat\u00e9gicos da C\u00e2mara dos Deputados contribuem para o entendimento da economia p\u00f3s-pandemia e da d\u00edvida p\u00fablica nacional<\/em><\/p>\n<p>Na noite de 13 de setembro, foram lan\u00e7adas, no Sal\u00e3o Nobre da C\u00e2mara dos Deputados, duas obras do Centro de Estudos e Debates Estrat\u00e9gicos da C\u00e2mara dos Deputados (Cedes). Os livros &#8220;Retomada Econ\u00f4mica e Gera\u00e7\u00e3o de Emprego e Renda no P\u00f3s-Pandemia&#8221;, que traz artigo do conselheiro federal Antonio Corr\u00eaa de Lacerda, e &#8220;A D\u00edvida P\u00fablica Brasileira: um novo estudo&#8221; foram apresentados ao p\u00fablico em solenidade aberta ao p\u00fablico.<\/p>\n<p>Lacerda, que contribuiu com o artigo \u201cInd\u00fastria 4.0: transforma\u00e7\u00f5es na economia global e desenvolvimento econ\u00f4mico\u201d, participou presencialmente do evento e elogiou a iniciativa de publica\u00e7\u00e3o das obras. &#8220;A iniciativa \u00e9 louv\u00e1vel por registrar em livro os debates realizados nas Audi\u00eancias P\u00fablicas do Congresso Nacional e por registrar a contribui\u00e7\u00e3o de n\u00f3s economistas para as discuss\u00f5es dos principais temas econ\u00f4micos nacionais e internacionais&#8221;, pontuou.<\/p>\n<p>Os dois livros lan\u00e7ados fazem parte da S\u00e9rie Estudos Estrat\u00e9gicos do Cedes, uma s\u00e9rie que teve seu primeiro volume editado em 2013 e tem se consolidado como uma fonte de an\u00e1lises e informa\u00e7\u00f5es sobre quest\u00f5es econ\u00f4micas e estrat\u00e9gicas do pa\u00eds.<\/p>\n<p><strong>As publica\u00e7\u00f5es est\u00e3o dispon\u00edveis para leitura no site C\u00e2mara dos Deputados:<\/strong><\/p>\n<p>Retomada Econ\u00f4mica e Gera\u00e7\u00e3o de Emprego no P\u00f3s-Pandemia para leitura clicando <a href=\"https:\/\/livraria.camara.leg.br\/retomada-economica-e-geracao-de-emprego-no-pos-pandemia\">AQUI.<\/a><\/p>\n<p><span style=\"font-size: inherit;\">A D\u00edvida P\u00fablica Brasileira para leitura clicando <\/span><a style=\"font-size: inherit;\" href=\"https:\/\/livraria.camara.leg.br\/a-divida-publica-brasileira-um-novo-estudo\">AQUI.<\/a><\/p>\n","protected":false},"excerpt":{"rendered":"<p>Novas publica\u00e7\u00f5es do Centro de Estudos e Debates Estrat\u00e9gicos da C\u00e2mara dos Deputados contribuem para o entendimento da economia p\u00f3s-pandemia e da d\u00edvida p\u00fablica nacional Na noite de 13 de setembro, foram lan\u00e7adas, no Sal\u00e3o Nobre da C\u00e2mara dos Deputados,<\/p>\n<p><a class=\"more-link\" href=\"https:\/\/cofecon.org.br\/cofecon\/?p=21166\">Leia Mais<\/a><\/p>\n","protected":false},"author":1,"featured_media":21167,"comment_status":"closed","ping_status":"closed","sticky":false,"template":"","format":"standard","meta":{"footnotes":""},"categories":[2],"tags":[],"class_list":["post-21166","post","type-post","status-publish","format-standard","has-post-thumbnail","hentry","category-noticias"],"_links":{"self":[{"href":"https:\/\/cofecon.org.br\/cofecon\/index.php?rest_route=\/wp\/v2\/posts\/21166"}],"collection":[{"href":"https:\/\/cofecon.org.br\/cofecon\/index.php?rest_route=\/wp\/v2\/posts"}],"about":[{"href":"https:\/\/cofecon.org.br\/cofecon\/index.php?rest_route=\/wp\/v2\/types\/post"}],"author":[{"embeddable":true,"href":"https:\/\/cofecon.org.br\/cofecon\/index.php?rest_route=\/wp\/v2\/users\/1"}],"replies":[{"embeddable":true,"href":"https:\/\/cofecon.org.br\/cofecon\/index.php?rest_route=%2Fwp%2Fv2%2Fcomments&post=21166"}],"version-history":[{"count":0,"href":"https:\/\/cofecon.org.br\/cofecon\/index.php?rest_route=\/wp\/v2\/posts\/21166\/revisions"}],"wp:featuredmedia":[{"embeddable":true,"href":"https:\/\/cofecon.org.br\/cofecon\/index.php?rest_route=\/wp\/v2\/media\/21167"}],"wp:attachment":[{"href":"https:\/\/cofecon.org.br\/cofecon\/index.php?rest_route=%2Fwp%2Fv2%2Fmedia&parent=21166"}],"wp:term":[{"taxonomy":"category","embeddable":true,"href":"https:\/\/cofecon.org.br\/cofecon\/index.php?rest_route=%2Fwp%2Fv2%2Fcategories&post=21166"},{"taxonomy":"post_tag","embeddable":true,"href":"https:\/\/cofecon.org.br\/cofecon\/index.php?rest_route=%2Fwp%2Fv2%2Ftags&post=21166"}],"curies":[{"name":"wp","href":"https:\/\/api.w.org\/{rel}","templated":true}]}}