{"id":21099,"date":"2023-09-01T12:35:19","date_gmt":"2023-09-01T15:35:19","guid":{"rendered":"https:\/\/www.cofecon.org.br\/?p=21099"},"modified":"2023-09-01T12:35:19","modified_gmt":"2023-09-01T15:35:19","slug":"conheca-os-artigos-selecionados-para-o-xxv-congresso-brasileiro-de-economia","status":"publish","type":"post","link":"https:\/\/cofecon.org.br\/cofecon\/?p=21099","title":{"rendered":"Conhe\u00e7a os artigos selecionados para o XXV Congresso Brasileiro de Economia"},"content":{"rendered":"<p><em>Evento acontece de 7 a 10 de novembro em S\u00e3o Lu\u00eds-MA<\/em><\/p>\n<p>O XXV Congresso Brasileiro de Economia, um dos eventos mais prestigiados no cen\u00e1rio econ\u00f4mico nacional, est\u00e1 se aproximando, e o Comit\u00ea Cient\u00edfico divulgou hoje (1\u00ba) os artigos selecionados para serem apresentados durante o evento.<\/p>\n<p>Ap\u00f3s an\u00e1lise, os artigos selecionados se destacaram por originalidade, relev\u00e2ncia e contribui\u00e7\u00e3o significativa para o campo da economia. A comunica\u00e7\u00e3o com os autores ser\u00e1 feita pela Comiss\u00e3o Organizadora que apresentar\u00e1 a possibilidade de apresenta\u00e7\u00e3o presencial ou virtualmente.<\/p>\n<p>A lista completa dos artigos selecionados pode ser acessada <a href=\"http:\/\/cofecon.org.br\/cofecon\/wp-content\/uploads\/2023\/09\/ARTIGOS-APROVADOS-XXV-CBE-.pdf\">AQUI<\/a>.<\/p>\n<p><strong>XXV Congresso Brasileiro de Economia<\/strong><\/p>\n<p>O Congresso tem como tema Um Novo Futuro: Planejamento, Desenvolvimento e Sustentabilidade. As inscri\u00e7\u00f5es possuem pre\u00e7os especiais at\u00e9 o dia 11\/09 e os interessados podem escolher participar de forma presencial ou remota. Para economistas, o investimento \u00e9 de R$ 330; estudantes de economia e rela\u00e7\u00f5es internacionais pagam R$ 165; para outros estudantes, a inscri\u00e7\u00e3o custa R$ 220; e para outros profissionais, R$ 440 (valores para participa\u00e7\u00e3o presencial). Clique <a href=\"https:\/\/www.even3.com.br\/xxv-cbe-congresso-brasileiro-de-economia-342677\/\">AQUI<\/a> para se inscrever no evento.<\/p>\n","protected":false},"excerpt":{"rendered":"<p>Evento acontece de 7 a 10 de novembro em S\u00e3o Lu\u00eds-MA O XXV Congresso Brasileiro de Economia, um dos eventos mais prestigiados no cen\u00e1rio econ\u00f4mico nacional, est\u00e1 se aproximando, e o Comit\u00ea Cient\u00edfico divulgou hoje (1\u00ba) os artigos selecionados para<\/p>\n<p><a class=\"more-link\" href=\"https:\/\/cofecon.org.br\/cofecon\/?p=21099\">Leia Mais<\/a><\/p>\n","protected":false},"author":1,"featured_media":21100,"comment_status":"closed","ping_status":"closed","sticky":false,"template":"","format":"standard","meta":{"footnotes":""},"categories":[2],"tags":[],"class_list":["post-21099","post","type-post","status-publish","format-standard","has-post-thumbnail","hentry","category-noticias"],"_links":{"self":[{"href":"https:\/\/cofecon.org.br\/cofecon\/index.php?rest_route=\/wp\/v2\/posts\/21099"}],"collection":[{"href":"https:\/\/cofecon.org.br\/cofecon\/index.php?rest_route=\/wp\/v2\/posts"}],"about":[{"href":"https:\/\/cofecon.org.br\/cofecon\/index.php?rest_route=\/wp\/v2\/types\/post"}],"author":[{"embeddable":true,"href":"https:\/\/cofecon.org.br\/cofecon\/index.php?rest_route=\/wp\/v2\/users\/1"}],"replies":[{"embeddable":true,"href":"https:\/\/cofecon.org.br\/cofecon\/index.php?rest_route=%2Fwp%2Fv2%2Fcomments&post=21099"}],"version-history":[{"count":0,"href":"https:\/\/cofecon.org.br\/cofecon\/index.php?rest_route=\/wp\/v2\/posts\/21099\/revisions"}],"wp:featuredmedia":[{"embeddable":true,"href":"https:\/\/cofecon.org.br\/cofecon\/index.php?rest_route=\/wp\/v2\/media\/21100"}],"wp:attachment":[{"href":"https:\/\/cofecon.org.br\/cofecon\/index.php?rest_route=%2Fwp%2Fv2%2Fmedia&parent=21099"}],"wp:term":[{"taxonomy":"category","embeddable":true,"href":"https:\/\/cofecon.org.br\/cofecon\/index.php?rest_route=%2Fwp%2Fv2%2Fcategories&post=21099"},{"taxonomy":"post_tag","embeddable":true,"href":"https:\/\/cofecon.org.br\/cofecon\/index.php?rest_route=%2Fwp%2Fv2%2Ftags&post=21099"}],"curies":[{"name":"wp","href":"https:\/\/api.w.org\/{rel}","templated":true}]}}