{"id":21087,"date":"2023-08-31T17:12:06","date_gmt":"2023-08-31T20:12:06","guid":{"rendered":"https:\/\/www.cofecon.org.br\/?p=21087"},"modified":"2023-08-31T17:12:06","modified_gmt":"2023-08-31T20:12:06","slug":"divulgado-resultado-da-2a-fase-da-xiii-gincana-nacional-de-economia","status":"publish","type":"post","link":"https:\/\/cofecon.org.br\/cofecon\/?p=21087","title":{"rendered":"Divulgado resultado da 2\u00aa fase da XII Gincana Nacional de Economia"},"content":{"rendered":"<p><span data-contrast=\"auto\">Foi divulgado nesta quinta-feira (31) o resultado da segunda fase da XII Gincana Nacional de Economia. Ela consistiu em um v\u00eddeo enviado pelos estudantes, no per\u00edodo de 10 a 18 de agosto, com at\u00e9 dois minutos de dura\u00e7\u00e3o, abordando o tema \u201cForma\u00e7\u00e3o da taxa de juros\u201d. Confira a lista com todas as pontua\u00e7\u00f5es clicando <a href=\"http:\/\/cofecon.org.br\/cofecon\/wp-content\/uploads\/2023\/08\/Resultado-2da-fase-XII-GNE.pdf\"><span style=\"text-decoration: underline;\"><strong>AQUI<\/strong><\/span><\/a>.<\/span><span data-ccp-props=\"{&quot;201341983&quot;:0,&quot;335559739&quot;:160,&quot;335559740&quot;:259}\">\u00a0<\/span><\/p>\n<p><b><span data-contrast=\"auto\">Melhores pontua\u00e7\u00f5es do v\u00eddeo<\/span><\/b><span data-ccp-props=\"{&quot;201341983&quot;:0,&quot;335559739&quot;:160,&quot;335559740&quot;:259}\">\u00a0<\/span><\/p>\n<p><span data-contrast=\"auto\">Cada Regional designou uma comiss\u00e3o avaliadora para atribuir uma pontua\u00e7\u00e3o a cada um dos v\u00eddeos enviados. A pontua\u00e7\u00e3o do v\u00eddeo (que varia de 0 a 100) \u00e9 somada com os pontos obtidos na primeira fase.<\/span><span data-ccp-props=\"{&quot;201341983&quot;:0,&quot;335559739&quot;:160,&quot;335559740&quot;:259}\">\u00a0<\/span><\/p>\n<p><span data-contrast=\"auto\">Uma dupla obteve a pontua\u00e7\u00e3o m\u00e1xima no v\u00eddeo: as estudantes Bianca Senne Roma e Lu\u00edsa Mendes Amstalden alcan\u00e7aram os 100 pontos. A pontua\u00e7\u00e3o obtida por ambas, somando o v\u00eddeo e a primeira fase, foi a quinta maior do estado de S\u00e3o Paulo.<\/span><span data-ccp-props=\"{&quot;201341983&quot;:0,&quot;335559739&quot;:160,&quot;335559740&quot;:259}\">\u00a0<\/span><\/p>\n<p><span data-contrast=\"auto\">As estudantes Camila da Veja Rossi e Jaqueline Borges da Costa, do estado do Paran\u00e1, obtiveram 98,3 pontos em seu v\u00eddeo. J\u00falia Virg\u00ednia Vieira e Giordano Bruno Bernardes Cristofano Basso, de Minas Gerais, alcan\u00e7aram a nota 98,1. Gabri\u00e9lle dos Reis Lima e Gustavo Odelon Wagner, do Paran\u00e1, somaram 96,7 pontos. Breno Liebbmann Vervloet e Matheus Ferreira Maia, do Esp\u00edrito Santo, ficaram com 96,6 pontos.<\/span><span data-ccp-props=\"{&quot;201341983&quot;:0,&quot;335559739&quot;:160,&quot;335559740&quot;:259}\">\u00a0<\/span><\/p>\n<p><b><span data-contrast=\"auto\">Melhores pontua\u00e7\u00f5es gerais<\/span><\/b><span data-ccp-props=\"{&quot;201341983&quot;:0,&quot;335559739&quot;:160,&quot;335559740&quot;:259}\">\u00a0<\/span><\/p>\n<p><span data-contrast=\"auto\">Com os 96,6 pontos obtidos no v\u00eddeo, Breno e Matheus obtiveram a melhor pontua\u00e7\u00e3o de toda a etapa regional da Gincana. Eles j\u00e1 haviam somado 433 pontos na primeira fase, totalizando 529,6.<\/span><span data-ccp-props=\"{&quot;201341983&quot;:0,&quot;335559739&quot;:160,&quot;335559740&quot;:259}\">\u00a0<\/span><\/p>\n<p><span data-contrast=\"auto\">A segunda melhor pontua\u00e7\u00e3o veio da regi\u00e3o Norte: os estudantes Yudi Lopes Ishihara e Guilherme Elias Luiz Cust\u00f3dio somara 490,3 pontos, sendo 397 na primeira fase e 93,3 na segunda.<\/span><span data-ccp-props=\"{&quot;201341983&quot;:0,&quot;335559739&quot;:160,&quot;335559740&quot;:259}\">\u00a0<\/span><\/p>\n<p><span data-contrast=\"auto\">Eric Bressan e Giovani Henrique Pelizzari, de Santa Catarina, obtiveram a terceira maior pontua\u00e7\u00e3o. Eles somaram 501 na primeira fase e 87,5 no v\u00eddeo, totalizando 488,5 pontos.\u00a0<\/span><span data-ccp-props=\"{&quot;201341983&quot;:0,&quot;335559739&quot;:160,&quot;335559740&quot;:259}\">\u00a0<\/span><\/p>\n<p><span data-contrast=\"auto\">Completaram o \u201cTop 5\u201d duas duplas do Rio de Janeiro. Pedro de Campos Barbosa Moreno e Theo Dalmaso Kusasma obtiveram 357 pontos na primeira fase e 80 na segunda, totalizando 437,0. Guilherme Cardoso Figueiredo e Yuri Arruda G\u00f3es alcan\u00e7aram 362 pontos na primeira fase e 72 no v\u00eddeo, somando 434,0.<\/span><span data-ccp-props=\"{&quot;201341983&quot;:0,&quot;335559739&quot;:160,&quot;335559740&quot;:259}\">\u00a0<\/span><\/p>\n<p><b><span data-contrast=\"auto\">Etapa nacional<\/span><\/b><span data-ccp-props=\"{&quot;201341983&quot;:0,&quot;335559739&quot;:160,&quot;335559740&quot;:259}\">\u00a0<\/span><\/p>\n<p><span data-contrast=\"auto\">Cada Corecon poder\u00e1 enviar at\u00e9 tr\u00eas duplas para a etapa nacional da Gincana, que ser\u00e1 realizada de forma presencial em S\u00e3o Lu\u00eds nos dias 06 e 07 de novembro, por ocasi\u00e3o do XXV Congresso Brasileiro de Economia.<\/span><span data-ccp-props=\"{&quot;201341983&quot;:0,&quot;335559739&quot;:160,&quot;335559740&quot;:259}\">\u00a0<\/span><\/p>\n<p><span data-contrast=\"auto\">A etapa nacional conceder\u00e1 R$ 10 mil em pr\u00eamios, sendo R$ 4 mil para a dupla que obtiver o primeiro lugar, R$ 3 mil para a segunda colocada, R$ 2 mil para a terceira e R$ 1 mil para a quarta. Al\u00e9m disso, as quatro melhores duplas receber\u00e3o medalhas e as institui\u00e7\u00f5es de ensino das tr\u00eas primeiras recebem um trof\u00e9u.\u00a0<\/span><span data-ccp-props=\"{&quot;201341983&quot;:0,&quot;335559739&quot;:160,&quot;335559740&quot;:259}\">\u00a0<\/span><\/p>\n<p><span data-contrast=\"auto\">Como curiosidade, nunca uma institui\u00e7\u00e3o de ensino conquistou duas vezes a Gincana Nacional de Economia. As 12 edi\u00e7\u00f5es realizadas foram vencidas por estudantes de 12 institui\u00e7\u00f5es diferentes. Ser\u00e1 que, em 2023, teremos uma 13\u00aa ganhadora diferente ou finalmente alguma delas obter\u00e1 a segunda vit\u00f3ria?<\/span><span data-ccp-props=\"{&quot;134233117&quot;:false,&quot;134233118&quot;:false,&quot;201341983&quot;:0,&quot;335551550&quot;:1,&quot;335551620&quot;:1,&quot;335559685&quot;:0,&quot;335559737&quot;:0,&quot;335559738&quot;:0,&quot;335559739&quot;:160,&quot;335559740&quot;:259}\">\u00a0<\/span><\/p>\n","protected":false},"excerpt":{"rendered":"<p>Foi divulgado nesta quinta-feira (31) o resultado da segunda fase da XII Gincana Nacional de Economia. Ela consistiu em um v\u00eddeo enviado pelos estudantes, no per\u00edodo de 10 a 18 de agosto, com at\u00e9 dois minutos de dura\u00e7\u00e3o, abordando o<\/p>\n<p><a class=\"more-link\" href=\"https:\/\/cofecon.org.br\/cofecon\/?p=21087\">Leia Mais<\/a><\/p>\n","protected":false},"author":1,"featured_media":21092,"comment_status":"closed","ping_status":"closed","sticky":false,"template":"","format":"standard","meta":{"footnotes":""},"categories":[2],"tags":[],"class_list":["post-21087","post","type-post","status-publish","format-standard","has-post-thumbnail","hentry","category-noticias"],"_links":{"self":[{"href":"https:\/\/cofecon.org.br\/cofecon\/index.php?rest_route=\/wp\/v2\/posts\/21087"}],"collection":[{"href":"https:\/\/cofecon.org.br\/cofecon\/index.php?rest_route=\/wp\/v2\/posts"}],"about":[{"href":"https:\/\/cofecon.org.br\/cofecon\/index.php?rest_route=\/wp\/v2\/types\/post"}],"author":[{"embeddable":true,"href":"https:\/\/cofecon.org.br\/cofecon\/index.php?rest_route=\/wp\/v2\/users\/1"}],"replies":[{"embeddable":true,"href":"https:\/\/cofecon.org.br\/cofecon\/index.php?rest_route=%2Fwp%2Fv2%2Fcomments&post=21087"}],"version-history":[{"count":0,"href":"https:\/\/cofecon.org.br\/cofecon\/index.php?rest_route=\/wp\/v2\/posts\/21087\/revisions"}],"wp:featuredmedia":[{"embeddable":true,"href":"https:\/\/cofecon.org.br\/cofecon\/index.php?rest_route=\/wp\/v2\/media\/21092"}],"wp:attachment":[{"href":"https:\/\/cofecon.org.br\/cofecon\/index.php?rest_route=%2Fwp%2Fv2%2Fmedia&parent=21087"}],"wp:term":[{"taxonomy":"category","embeddable":true,"href":"https:\/\/cofecon.org.br\/cofecon\/index.php?rest_route=%2Fwp%2Fv2%2Fcategories&post=21087"},{"taxonomy":"post_tag","embeddable":true,"href":"https:\/\/cofecon.org.br\/cofecon\/index.php?rest_route=%2Fwp%2Fv2%2Ftags&post=21087"}],"curies":[{"name":"wp","href":"https:\/\/api.w.org\/{rel}","templated":true}]}}