{"id":21081,"date":"2023-08-30T17:47:59","date_gmt":"2023-08-30T20:47:59","guid":{"rendered":"https:\/\/www.cofecon.org.br\/?p=21081"},"modified":"2023-08-30T17:47:59","modified_gmt":"2023-08-30T20:47:59","slug":"gustavo-casseb-pandemia-ressignificou-a-economia-da-forma-como-conhecemos","status":"publish","type":"post","link":"https:\/\/cofecon.org.br\/cofecon\/?p=21081","title":{"rendered":"Gustavo Casseb: \u201cPandemia ressignificou a economia da forma como conhecemos\u201d"},"content":{"rendered":"<p><em>Conselheiro federal falou sobre transforma\u00e7\u00f5es recentes, como o trabalho remoto e via plataformas digitais<\/em><\/p>\n<p>O Instituto Brasileiro de Geografia e Estat\u00edsticas (IBGE) divulgar\u00e1 no m\u00eas de setembro os dados da PNAD Cont\u00ednua que trar\u00e3o informa\u00e7\u00f5es sobre teletrabalho e plataformas digitais em 2022. Os dados, abordados pela primeira vez na pesquisa, permitir\u00e3o tra\u00e7ar o perfil sociodemogr\u00e1fico dos trabalhadores de plataformas e as caracter\u00edsticas do seu trabalho, evidenciando as diferen\u00e7as entre eles e os demais ocupados.<\/p>\n<p>Associado a este dado, a pesquisa divulgada no ano passado revelou o crescimento do n\u00famero de domic\u00edlios com acesso \u00e0 internet no Brasil (90%, contra 84% em 2019). Para o conselheiro federal Gustavo Casseb, a tecnologia tende a influenciar cada vez mais as formas de trabalho e as economias locais. Ele falou sobre o assunto ao programa BA TV.<\/p>\n<p>\u201cNum primeiro momento, n\u00f3s nos preocupamos com qualquer movimento que venha a precarizar ou tirar direitos dos trabalhadores. Havia uma resist\u00eancia ao trabalho remoto, mas a pandemia foi bastante significativa\u201d, afirmou Casseb. \u201cPercebemos um aumento de produtividade, de transa\u00e7\u00f5es via plataformas digitais, no ensino remoto. A pandemia ressignificou a economia f\u00edsica da forma como conhecemos\u201d.<\/p>\n<p>O conselheiro federal destaca o processo de transforma\u00e7\u00f5es trazidas pelas mudan\u00e7as tecnol\u00f3gicas. \u201cN\u00e3o se consegue fazer este trabalho se n\u00e3o tiver uma internet boa, um bom provedor, um bom equipamento tecnol\u00f3gico. Ao mesmo tempo, \u00e9 um movimento natural e uma descoberta. A despeito das suspeitas iniciais, o trabalho remoto pode aumentar a produtividade sem provocar a precariza\u00e7\u00e3o do trabalho\u201d, comentou Casseb.<\/p>\n<p>O economista tamb\u00e9m aponta que n\u00e3o se deve olhar esta quest\u00e3o por um prisma negativo. \u201cMuitas vezes pensamos que isso vai fechar postos de trabalho. Mas esta situa\u00e7\u00e3o cria novos horizontes. Haver\u00e1 uma necessidade de reorientar o sistema educacional, repensar os cursos e modelos de ensino, e novos neg\u00f3cios da\u00ed decorrentes v\u00e3o gerar outras oportunidades que podem ser lucrativas, desde que n\u00e3o nos fechemos a estas transforma\u00e7\u00f5es\u201d, finalizou.<\/p>\n<p>Confira a fala do conselheiro no v\u00eddeo abaixo:<\/p>\n<p><iframe loading=\"lazy\" title=\"YouTube video player\" src=\"\/\/www.youtube.com\/embed\/XEvMDpdAerY?si=4NXKi8alTfZH81sF\" width=\"560\" height=\"315\" frameborder=\"0\" allowfullscreen=\"allowfullscreen\"><\/iframe><\/p>\n<p><em>\u00a0<\/em><\/p>\n","protected":false},"excerpt":{"rendered":"<p>Conselheiro federal falou sobre transforma\u00e7\u00f5es recentes, como o trabalho remoto e via plataformas digitais O Instituto Brasileiro de Geografia e Estat\u00edsticas (IBGE) divulgar\u00e1 no m\u00eas de setembro os dados da PNAD Cont\u00ednua que trar\u00e3o informa\u00e7\u00f5es sobre teletrabalho e plataformas digitais<\/p>\n<p><a class=\"more-link\" href=\"https:\/\/cofecon.org.br\/cofecon\/?p=21081\">Leia Mais<\/a><\/p>\n","protected":false},"author":1,"featured_media":21082,"comment_status":"closed","ping_status":"closed","sticky":false,"template":"","format":"standard","meta":{"footnotes":""},"categories":[2],"tags":[],"class_list":["post-21081","post","type-post","status-publish","format-standard","has-post-thumbnail","hentry","category-noticias"],"_links":{"self":[{"href":"https:\/\/cofecon.org.br\/cofecon\/index.php?rest_route=\/wp\/v2\/posts\/21081"}],"collection":[{"href":"https:\/\/cofecon.org.br\/cofecon\/index.php?rest_route=\/wp\/v2\/posts"}],"about":[{"href":"https:\/\/cofecon.org.br\/cofecon\/index.php?rest_route=\/wp\/v2\/types\/post"}],"author":[{"embeddable":true,"href":"https:\/\/cofecon.org.br\/cofecon\/index.php?rest_route=\/wp\/v2\/users\/1"}],"replies":[{"embeddable":true,"href":"https:\/\/cofecon.org.br\/cofecon\/index.php?rest_route=%2Fwp%2Fv2%2Fcomments&post=21081"}],"version-history":[{"count":0,"href":"https:\/\/cofecon.org.br\/cofecon\/index.php?rest_route=\/wp\/v2\/posts\/21081\/revisions"}],"wp:featuredmedia":[{"embeddable":true,"href":"https:\/\/cofecon.org.br\/cofecon\/index.php?rest_route=\/wp\/v2\/media\/21082"}],"wp:attachment":[{"href":"https:\/\/cofecon.org.br\/cofecon\/index.php?rest_route=%2Fwp%2Fv2%2Fmedia&parent=21081"}],"wp:term":[{"taxonomy":"category","embeddable":true,"href":"https:\/\/cofecon.org.br\/cofecon\/index.php?rest_route=%2Fwp%2Fv2%2Fcategories&post=21081"},{"taxonomy":"post_tag","embeddable":true,"href":"https:\/\/cofecon.org.br\/cofecon\/index.php?rest_route=%2Fwp%2Fv2%2Ftags&post=21081"}],"curies":[{"name":"wp","href":"https:\/\/api.w.org\/{rel}","templated":true}]}}