{"id":21063,"date":"2023-08-29T11:18:02","date_gmt":"2023-08-29T14:18:02","guid":{"rendered":"https:\/\/www.cofecon.org.br\/?p=21063"},"modified":"2023-08-29T11:18:02","modified_gmt":"2023-08-29T14:18:02","slug":"aprenda-sobre-valoracao-economica-de-empresas","status":"publish","type":"post","link":"https:\/\/cofecon.org.br\/cofecon\/?p=21063","title":{"rendered":"Aprenda sobre Valora\u00e7\u00e3o Econ\u00f4mica de Empresas"},"content":{"rendered":"<p>O Sindicato dos Economistas no Estado de S\u00e3o Paulo est\u00e1 com inscri\u00e7\u00f5es abertas para o curso Valora\u00e7\u00e3o Econ\u00f4mica de Empresas, ministrado pelo economista Pedro Afonso Gomes. O curso \u00e9 destinado a graduados e graduandos em Ci\u00eancias Econ\u00f4micas, Ci\u00eancias Cont\u00e1beis, Administra\u00e7\u00e3o e cursos correlatos interessados em conhecer as metodologias e crit\u00e9rios de Avalia\u00e7\u00e3o Econ\u00f4mica de Empresas ou atualizar e aperfei\u00e7oar seus conhecimentos, habilidades e atitudes. As inscri\u00e7\u00f5es podem ser realizadas clicando <a href=\"http:\/\/www.sindeconsp.org.br\">AQUI.<\/a><\/p>\n<p>Com dura\u00e7\u00e3o de 40 horas-aula divididas em 10 sess\u00f5es repletas de aprendizado e pr\u00e1tica intensiva, o curso tem como objetivo oferecer informa\u00e7\u00f5es e metodologias essenciais para a elabora\u00e7\u00e3o de Avalia\u00e7\u00e3o Econ\u00f4mica de Empresas para fins gerenciais, estrat\u00e9gicos e negociais, bem como para procedimentos judiciais, extrajudiciais e arbitrais.<\/p>\n<h5 data-tadv-p=\"keep\"><span style=\"font-size: inherit;\">DETALHES DO CURSO:<\/span><\/h5>\n<p>? Datas das sess\u00f5es: Aos s\u00e1bados, iniciando em 16 de setembro de 2023. (Demais aulas, 23 e 30 de setembro; 7, 14, 21 e 28 de outubro; 4, 11 e 25 de novembro)<\/p>\n<p>\u23f0 Hor\u00e1rio: 8h30 &#8211; 13h00 (com intervalo de 30 minutos a ser combinado com o professor).<\/p>\n<p>? Local: Onde voc\u00ea preferir, basta ter acesso \u00e0 internet!<\/p>\n<h5 data-tadv-p=\"keep\"><strong style=\"font-size: inherit;\">CONTE\u00daDO:<\/strong><\/h5>\n<p><strong>M\u00f3dulo I &#8211; M\u00c9TODOS DE VALORA\u00c7\u00c3O ECON\u00d4MICA DE EMPRESAS<\/strong><br \/>\nCarga-hor\u00e1ria 8 horas<\/p>\n<p>1. Crit\u00e9rios normativos<br \/>\na) C\u00f3digo Civil<br \/>\nb) C\u00f3digo de Processo Civil<br \/>\nc) Normas Brasileiras de Contabilidade<br \/>\nd) Literatura, pr\u00e1tica judicial e de mercado<\/p>\n<p>2. M\u00e9todos de Valora\u00e7\u00e3o: caracter\u00edsticas gerais, limites e implica\u00e7\u00f5es<br \/>\na) Valor patrimonial cont\u00e1bil<br \/>\nb) Valor patrimonial de mercado<br \/>\nc) Valor presente dos dividendos ou lucros distribu\u00eddos<br \/>\nd) Valor presente do fluxo de caixa descontado<br \/>\ne) Valor dos m\u00faltiplos do faturamento<br \/>\nf) Valor dos m\u00faltiplos do fluxo de caixa<br \/>\ng) Valor do EVA \u2013 Economic Value Added<br \/>\nh) Valor do MVA \u2013 Market Value Added<br \/>\ni) Valor presente ajustado<br \/>\nj) Valor dos ativos intang\u00edveis<br \/>\nk) Empresas em condi\u00e7\u00f5es de risco<br \/>\nl) Empresas em encerramento de atividades<\/p>\n<p><strong>M\u00f3dulo II &#8211; AN\u00c1LISE ECON\u00d4MICA E FINANCEIRA DE EMPRESAS<\/strong><br \/>\nCarga-hor\u00e1ria: 8 horas<\/p>\n<p>1. An\u00e1lise do Balan\u00e7o Patrimonial e da Demonstra\u00e7\u00e3o de Resultados<br \/>\na) Estrutura dos Demonstrativos<br \/>\nb) Limites da Contabilidade<br \/>\nc) \u00cdndices econ\u00f4mico-financeiros no Balan\u00e7o<br \/>\nd) Uso de \u00edndices na valora\u00e7\u00e3o econ\u00f4mica das cotas sociais<\/p>\n<p>2. An\u00e1lise Econ\u00f4mica da empresa<br \/>\na) Ambiente externo e interno<br \/>\nb) An\u00e1lise de desempenho, rentabilidade e lucratividade econ\u00f4mica<br \/>\nc) EVA \u2013 Economic Value Added<br \/>\nd) MVA \u2013 Market Value Added<\/p>\n<p><strong>M\u00f3dulo III &#8211; PROJE\u00c7\u00c3O DE RESULTADOS FINANCEIROS<\/strong><br \/>\nCarga-hor\u00e1ria: 8 horas<\/p>\n<p>1. An\u00e1lise de Riscos<br \/>\na) Tipos de risco<br \/>\nb) Certeza e incerteza<br \/>\nc) Redu\u00e7\u00e3o de riscos<br \/>\nd) Mensura\u00e7\u00e3o e impacto na valora\u00e7\u00e3o da empresa<\/p>\n<p>2. Custos e receitas<br \/>\na) Ciclos da empresa<br \/>\nb) Custos<br \/>\nc) Receitas<br \/>\nd) Desempenho econ\u00f4mico<\/p>\n<p>3. Proje\u00e7\u00f5es<br \/>\na) Modelos<br \/>\nb) Proje\u00e7\u00e3o de resultados<br \/>\nc) Proje\u00e7\u00e3o de fluxo de caixa<br \/>\nd) Proje\u00e7\u00e3o de evolu\u00e7\u00e3o patrimonial tang\u00edvel e intang\u00edvel<\/p>\n<p><strong>M\u00f3dulo IV &#8211; AVALIA\u00c7\u00c3O DE ATIVOS INTANG\u00cdVEIS<\/strong><br \/>\nCarga-hor\u00e1ria: 8 horas<\/p>\n<p>1. Marca<br \/>\na) Normas aplic\u00e1veis<br \/>\nb) Caracter\u00edsticas<br \/>\nc) Pressupostos<br \/>\nd) Valora\u00e7\u00e3o<\/p>\n<p>2. Conhecimento e Processos<br \/>\na) Normas aplic\u00e1veis<br \/>\nb) Caracter\u00edsticas<br \/>\nc) Pressupostos<br \/>\nd) Valora\u00e7\u00e3o<\/p>\n<p>3. Fundo de Com\u00e9rcio<br \/>\na) Normas aplic\u00e1veis<br \/>\nb) Caracter\u00edsticas<br \/>\nc) Pressupostos<br \/>\nd) Valora\u00e7\u00e3o<\/p>\n<p><strong>M\u00f3dulo V &#8211; FLUXO DE CAIXA DESCONTADO LIVRE<\/strong><br \/>\nCarga-hor\u00e1ria: 8 horas<\/p>\n<p>1. Conceitos<br \/>\na) Finalidades e \u00f3ticas da avalia\u00e7\u00e3o<br \/>\nb) Caracter\u00edsticas<br \/>\nc) Pressupostos<br \/>\nd) Valora\u00e7\u00e3o<\/p>\n<p>2. Etapas<br \/>\na) An\u00e1lise hist\u00f3rica da empresa<br \/>\nb) An\u00e1lise de cen\u00e1rios econ\u00f4micos setoriais<br \/>\nc) Estabelecimento de pressupostos de proje\u00e7\u00e3o<br \/>\nd) Realiza\u00e7\u00e3o das proje\u00e7\u00f5es<\/p>\n<p>3. Estudo de caso<\/p>\n<h5 data-tadv-p=\"keep\"><strong>MINISTRANTE:<\/strong><\/h5>\n<p><strong>Pedro Afonso Gomes, <\/strong>Economista, p\u00f3s-gradua\u00e7\u00e3o em Mercado de Capitais, Direito Empresarial e Estrat\u00e9gia Empresarial. Atua como Perito, Avaliador, Auditor, Consultor, Recuperador de Empresas, Gestor e Negociador h\u00e1 um quarto de s\u00e9culo. Antes, foi funcion\u00e1rio do Banco do Brasil S\/A por 15 anos, exercendo eventualmente as fun\u00e7\u00f5es de Comiss\u00e1rio de Concordata e S\u00edndico de Massa Falida. Ex-presidente do Sindicato dos Economistas no Estado de S\u00e3o Paulo, atualmente \u00e9 Presidente do Conselho Regional de Economia da 2\u00aa. Regi\u00e3o &#8211; S\u00e3o Paulo.<\/p>\n<h5 data-tadv-p=\"keep\"><strong>INVESTIMENTO:<\/strong><\/h5>\n<table width=\"629\">\n<tbody>\n<tr>\n<td width=\"234\">\n<p><strong>Alunos<\/strong><\/p>\n<\/td>\n<td width=\"163\">\n<p><strong>\u00c0 Vista<\/strong><\/p>\n<\/td>\n<td width=\"232\">\n<p><strong>Parcelado<\/strong><\/p>\n<\/td>\n<\/tr>\n<tr>\n<td width=\"234\">\n<p><strong>Associados do SINDECON-SP<\/strong><\/p>\n<p><strong>(em dia com anuidade)<\/strong><\/p>\n<\/td>\n<td width=\"163\">\n<p>R$ 1.000,00<\/p>\n<\/td>\n<td width=\"232\">\n<p>R$ 1.125,00<\/p>\n<p>6 parcelas de R$ 187,50<\/p>\n<\/td>\n<\/tr>\n<tr>\n<td width=\"234\">\n<p><strong>Associados de parceiros <\/strong><\/p>\n<p><strong>(em dia com anuidade)<\/strong><\/p>\n<\/td>\n<td width=\"163\">\n<p>R$ 1.100,00<\/p>\n<\/td>\n<td width=\"232\">\n<p>R$ 1.236,00<\/p>\n<p>6 parcelas de R$ 206,00<\/p>\n<\/td>\n<\/tr>\n<tr>\n<td width=\"234\">\n<p><strong>Outros Profissionais<\/strong><\/p>\n<\/td>\n<td width=\"163\">\n<p>R$ 1.240,00<\/p>\n<\/td>\n<td width=\"232\">\n<p>R$ 1.380,00<\/p>\n<p>6 Parcelas de R$ 230,00<\/p>\n<\/td>\n<\/tr>\n<tr>\n<td width=\"234\">\n<p><strong>Estudantes de Gradua\u00e7\u00e3o em Ci\u00eancias Econ\u00f4micas<\/strong><\/p>\n<\/td>\n<td width=\"163\">\n<p>R$ 760,00<\/p>\n<\/td>\n<td width=\"232\">\n<p>R$ 840,00<\/p>\n<p>6 parcelas de R$ 140,00<\/p>\n<\/td>\n<\/tr>\n<\/tbody>\n<\/table>\n<p><strong>* Curso on-line, ministrado por v\u00eddeo confer\u00eancia (ao vivo) pela plataforma ZOOM <\/strong><a href=\"http:\/\/www.k2mail-05.com.br\/link.php?M=23699684&amp;N=10782&amp;L=28994&amp;F=H\">https:\/\/zoom.us\/pt-pt\/meetings.html<\/a><strong>. Requer uso de equipamento pr\u00f3prio (Notebook, Desktop, tablet, smartfone, etc.) e conex\u00e3o de banda larga compat\u00edveis.<\/strong><\/p>\n<p><strong>* Taxa de inscri\u00e7\u00e3o para estudantes:<\/strong><\/p>\n<ol>\n<li><strong>a) A taxa de inscri\u00e7\u00e3o para estudantes se destina exclusivamente para aqueles que estejam cursando sua primeira gradua\u00e7\u00e3o. Profissionais que j\u00e1 detenham outros cursos superiores, em qualquer \u00e1rea, n\u00e3o ter\u00e3o direito a esta taxa diferenciada;<\/strong><\/li>\n<li><strong>b) Somente ser\u00e1 acolhida inscri\u00e7\u00e3o de Estudante ao aluno que comprovar por documento oficial, antecipadamente ou no ato da inscri\u00e7\u00e3o, estar regularmente matriculado no ano da realiza\u00e7\u00e3o do curso;<\/strong><\/li>\n<\/ol>\n<p><strong>Os pagamentos poder\u00e3o ser parcelados por meio de cheques pr\u00e9-datados ou pelo sistema PagSeguro. O primeiro cheque ou pagamento para a data de in\u00edcio do Curso. O pagamento tamb\u00e9m poder\u00e1 ser feito via transfer\u00eancia\/dep\u00f3sito banc\u00e1rio ou boleto, no caso da op\u00e7\u00e3o \u00e0 vista.<\/strong><\/p>\n<p><strong>** Pontua\u00e7\u00e3o no Programa de Educa\u00e7\u00e3o Continuada:<\/strong><strong><br \/>\n<\/strong>PER (peritos): em fase de an\u00e1lise\/credenciamento de acordo com a Norma do CFC do Programa de Educa\u00e7\u00e3o Profissional Continuada<\/p>\n<h5 data-tadv-p=\"keep\"><strong>INFORMA\u00c7\u00d5ES E INSCRI\u00c7\u00d5ES:<\/strong><\/h5>\n<p>A ficha de inscri\u00e7\u00e3o poder\u00e1 ser obtida neste \u201clink\u201d, no site <a href=\"http:\/\/www.sindeconsp.org.br\">www.sindeconsp.org.br<\/a><a href=\"http:\/\/www.k2mail-05.com.br\/link.php?M=23709769&amp;N=10595&amp;L=28911&amp;F=H\"><strong>\u00a0<\/strong><\/a>\u00a0ou ainda requisitada pelo tel\/whatsapp: (11) 3872-9880 ou e-mail: <a href=\"mailto:secretaria@sindeconsp.org.br\">secretaria@sindeconsp.org.br<\/a><strong>. \u00a0<\/strong><br \/>\nA realiza\u00e7\u00e3o do curso est\u00e1 condicionada \u00e0 forma\u00e7\u00e3o de turma m\u00ednima.<\/p>\n<p><strong>Mais informa\u00e7\u00f5es sobre este treinamento, acesse o site <\/strong><a href=\"http:\/\/WWW.SINDECONSP.ORG.BR\">WWW.SINDECONSP.ORG.BR<\/a><\/p>\n","protected":false},"excerpt":{"rendered":"<p>O Sindicato dos Economistas no Estado de S\u00e3o Paulo est\u00e1 com inscri\u00e7\u00f5es abertas para o curso Valora\u00e7\u00e3o Econ\u00f4mica de Empresas, ministrado pelo economista Pedro Afonso Gomes. O curso \u00e9 destinado a graduados e graduandos em Ci\u00eancias Econ\u00f4micas, Ci\u00eancias Cont\u00e1beis, Administra\u00e7\u00e3o<\/p>\n<p><a class=\"more-link\" href=\"https:\/\/cofecon.org.br\/cofecon\/?p=21063\">Leia Mais<\/a><\/p>\n","protected":false},"author":1,"featured_media":21064,"comment_status":"closed","ping_status":"closed","sticky":false,"template":"","format":"standard","meta":{"footnotes":""},"categories":[2],"tags":[],"class_list":["post-21063","post","type-post","status-publish","format-standard","has-post-thumbnail","hentry","category-noticias"],"_links":{"self":[{"href":"https:\/\/cofecon.org.br\/cofecon\/index.php?rest_route=\/wp\/v2\/posts\/21063"}],"collection":[{"href":"https:\/\/cofecon.org.br\/cofecon\/index.php?rest_route=\/wp\/v2\/posts"}],"about":[{"href":"https:\/\/cofecon.org.br\/cofecon\/index.php?rest_route=\/wp\/v2\/types\/post"}],"author":[{"embeddable":true,"href":"https:\/\/cofecon.org.br\/cofecon\/index.php?rest_route=\/wp\/v2\/users\/1"}],"replies":[{"embeddable":true,"href":"https:\/\/cofecon.org.br\/cofecon\/index.php?rest_route=%2Fwp%2Fv2%2Fcomments&post=21063"}],"version-history":[{"count":0,"href":"https:\/\/cofecon.org.br\/cofecon\/index.php?rest_route=\/wp\/v2\/posts\/21063\/revisions"}],"wp:featuredmedia":[{"embeddable":true,"href":"https:\/\/cofecon.org.br\/cofecon\/index.php?rest_route=\/wp\/v2\/media\/21064"}],"wp:attachment":[{"href":"https:\/\/cofecon.org.br\/cofecon\/index.php?rest_route=%2Fwp%2Fv2%2Fmedia&parent=21063"}],"wp:term":[{"taxonomy":"category","embeddable":true,"href":"https:\/\/cofecon.org.br\/cofecon\/index.php?rest_route=%2Fwp%2Fv2%2Fcategories&post=21063"},{"taxonomy":"post_tag","embeddable":true,"href":"https:\/\/cofecon.org.br\/cofecon\/index.php?rest_route=%2Fwp%2Fv2%2Ftags&post=21063"}],"curies":[{"name":"wp","href":"https:\/\/api.w.org\/{rel}","templated":true}]}}