{"id":21058,"date":"2023-09-01T16:24:31","date_gmt":"2023-09-01T19:24:31","guid":{"rendered":"https:\/\/www.cofecon.org.br\/?p=21058"},"modified":"2023-09-01T16:24:31","modified_gmt":"2023-09-01T19:24:31","slug":"camara-lanca-publicacoes-sobre-economia","status":"publish","type":"post","link":"https:\/\/cofecon.org.br\/cofecon\/?p=21058","title":{"rendered":"C\u00e2mara apresenta publica\u00e7\u00f5es sobre economia"},"content":{"rendered":"\n<p><em>Conselheiro federal Antonio Corr\u00eaa de Lacerda \u00e9 um dos autores do livro &#8220;Retomada Econ\u00f4mica e Gera\u00e7\u00e3o de Emprego e Renda no P\u00f3s-Pandemia&#8221;. Lan\u00e7amento de dois livros acontecer\u00e1 no dia 13 de setembro, \u00e0s 18 horas, no Sal\u00e3o Nobre<\/em><\/p>\n<p>No pr\u00f3ximo dia 13 de setembro, \u00e0s 18h00, no Sal\u00e3o Nobre, ser\u00e3o lan\u00e7adas as publica\u00e7\u00f5es &#8220;Retomada Econ\u00f4mica e Gera\u00e7\u00e3o de Emprego e Renda no P\u00f3s-Pandemia&#8221; e &#8220;A D\u00edvida P\u00fablica Brasileira: um novo estudo&#8221;, do Centro de Estudos e Debates Estrat\u00e9gicos da C\u00e2mara dos Deputados (Cedes). Elas fazem parte da S\u00e9rie Estudos Estrat\u00e9gicos, que teve seu primeiro volume editado em 2013.<\/p>\n<p>A primeira delas conta com um artigo do conselheiro federal Antonio Corr\u00eaa de Lacerda. Ele \u00e9 o autor de &#8220;Ind\u00fastria 4.0: transforma\u00e7\u00f5es na economia global e desenvolvimento econ\u00f4mico&#8221; e defende a reindustrializa\u00e7\u00e3o do Brasil dentro do novo cen\u00e1rio mundial.\u00a0\u201cO Brasil tem potencial, mas isso n\u00e3o vai acontecer automaticamente. Demandas pol\u00edticas de competitividade, de tecnologia, de inova\u00e7\u00e3o, de infraestrutura, pol\u00edticas regulat\u00f3rias e de educa\u00e7\u00e3o e, no \u00e2mbito micro, inova\u00e7\u00e3o e produtividade envolvendo a atua\u00e7\u00e3o das empresas\u201d, afirmou em 2021, em palestra sobre o assunto em um semin\u00e1rio promovido pela C\u00e2mara.<\/p>\n<p>O livro tamb\u00e9m conta com quatro artigos de autoria ou coautoria do economista Pedro Garrido da Costa Lima, conselheiro regional do Corecon-DF. Ele escreve sobre contexto global de pol\u00edticas para o p\u00f3s-pandemia, desafios sociais e econ\u00f4micos na retomada brasileira, desenvolvimento produtivo na ind\u00fastria e nos servi\u00e7os e o poder de contrata\u00e7\u00e3o estatal na retomada do crescimento econ\u00f4mico.<\/p>\n<p>Tamb\u00e9m participam da publica\u00e7\u00e3o tr\u00eas ex-ministros (Guilherme Afif Domingos, Henrique Meirelles e Nelson Barbosa), al\u00e9m de v\u00e1rios autores com forma\u00e7\u00e3o em economia, como Carmen Feij\u00f3, David Deccache, Marcio Gimene, Marcos Ferrari, Andr\u00e9 Roncaglia, Fernanda Feil, Daniel Negreiros Concei\u00e7\u00e3o, entre outros.<\/p>\n<p><strong>As publica\u00e7\u00f5es<\/strong><\/p>\n<p>O estudo Retomada Econ\u00f4mica, relatado pelos deputados Da Vit\u00f3ria (PP\/ES) e Francisco Jr. (PSD\/GO), teve como objetivo principal definir o papel do Estado, da iniciativa privada e das organiza\u00e7\u00f5es da sociedade civil nas estrat\u00e9gias e pol\u00edticas de recupera\u00e7\u00e3o da economia e de gera\u00e7\u00e3o de emprego e renda no p\u00f3s-pandemia. Foram estudados: o contexto internacional das novas pol\u00edticas implementadas; os desafios socioecon\u00f4micos do pa\u00eds para a retomada; as implica\u00e7\u00f5es para o setor agropecu\u00e1rio e para a agricultura familiar; as car\u00eancias no desenvolvimento setorial e da ind\u00fastria, as transforma\u00e7\u00f5es para o setor de servi\u00e7os; a digitaliza\u00e7\u00e3o da economia e as oportunidades para a tecnologia nacional; o poder de compra do estado; a bioeconomia e a descarboniza\u00e7\u00e3o. H\u00e1 tamb\u00e9m propostas concretas de como enfrentar este cen\u00e1rio, na forma de projetos de lei e de outras proposi\u00e7\u00f5es<\/p>\n<p>O estudo A D\u00edvida P\u00fablica Brasileira, relatado pelos deputados F\u00e9lix Mendon\u00e7a J\u00fanior (PDT\/BA) e Denis Bezerra (PSB\/CE), teve como objetivo principal atualizar o estudo anterior feito em 2005, para incorporar as diversas modifica\u00e7\u00f5es ocorridas no cen\u00e1rio da d\u00edvida p\u00fablica desde ent\u00e3o. Entre os fatores que influenciaram a d\u00edvida p\u00fablica no per\u00edodo, destacam-se: os recentes aumentos nas taxas de juros que desincentivam os investimentos, encarecem o cr\u00e9dito para empresas e fam\u00edlias e aumentam o custo de rolagem da d\u00edvida p\u00fablica; o ac\u00famulo de reservas internacionais; a modifica\u00e7\u00e3o das regras de relacionamento entre o Tesouro Nacional e o Banco Central; o surgimento das opera\u00e7\u00f5es compromissadas; o endividamento do Tesouro para financiamento de bancos p\u00fablicos; a crise financeira internacional de 2008; a modifica\u00e7\u00e3o da condu\u00e7\u00e3o da pol\u00edtica econ\u00f4mica a partir de 2010; a crise pol\u00edtica do impeachment; a mudan\u00e7a do regime fiscal a partir de 2014; a polariza\u00e7\u00e3o recente do cen\u00e1rio pol\u00edtico nacional; a mudan\u00e7a nos par\u00e2metros de relacionamento financeiro entre a Uni\u00e3o e entes subnacionais e a crise sanit\u00e1ria e econ\u00f4mica provocada pela pandemia da Covid-19.<\/p>\n<p>Os trabalhos do CEDES contam com o apoio t\u00e9cnico da Consultoria Legislativa da C\u00e2mara dos Deputados.<\/p>\n<p>O estudo &#8220;Retomada Econ\u00f4mica e Gera\u00e7\u00e3o de Emprego e Renda no P\u00f3s-Pandemia&#8221; ser\u00e1 o d\u00e9cimo quinto e o estudo &#8220;A D\u00edvida P\u00fablica Brasileira: um novo estudo&#8221; ser\u00e1 o d\u00e9cimo sexto livro da s\u00e9rie Estudos Estrat\u00e9gicos publicado pelo Cedes, em parceria com o Centro de Documenta\u00e7\u00e3o e Informa\u00e7\u00e3o da C\u00e2mara (Cedi).<\/p>\n<p><strong>Propostas<\/strong><\/p>\n<p>Os trabalhos do CEDES geram n\u00e3o apenas publica\u00e7\u00f5es de refer\u00eancia sobre os estudos, mas tamb\u00e9m uma s\u00e9rie de proposi\u00e7\u00f5es legislativas com vistas a modificar legisla\u00e7\u00f5es sobre o tema estudado.<\/p>\n<p>A d\u00edvida p\u00fablica elevada implica em juros e encargos, comprometendo as receitas anuais do or\u00e7amento p\u00fablico o que reduz a capacidade de executar despesas discricion\u00e1rias como investimentos p\u00fablicos.<\/p>\n<p>A retomada econ\u00f4mica estuda formas de melhorar o ambiente de neg\u00f3cios, recupera\u00e7\u00e3o e fal\u00eancias, e; medidas para empreendedores, micro e pequenas empresas com foco na promo\u00e7\u00e3o do desenvolvimento nacional da economia.<\/p>\n<p>Todas essas propostas estar\u00e3o publicadas nestes livros, que poder\u00e3o ser baixados gratuitamente <a href=\"https:\/\/www2.camara.leg.br\/a-camara\/estruturaadm\/altosestudos\/publicacoes\"><span style=\"text-decoration: underline;\"><strong>AQUI<\/strong><\/span><\/a> ou poder\u00e3o ser adquiridos no site livraria.camara.leg.br<\/p>\n<p><strong>O CEDES<\/strong><\/p>\n<p>O Centro de Estudos e Debates Estrat\u00e9gicos \u00e9 um \u00f3rg\u00e3o t\u00e9cnico-consultivo da C\u00e2mara dos Deputados dedicado a an\u00e1lise, discuss\u00e3o e prospec\u00e7\u00e3o de temas de car\u00e1ter inovador ou com potencial de transformar as realidades econ\u00f4mica, pol\u00edtica e social do nosso pa\u00eds. O Colegiado \u00e9 composto por 23 parlamentares, os quais t\u00eam a atribui\u00e7\u00e3o de propor uma agenda de atividades e conduzir estudos estrat\u00e9gicos para o Brasil, desenvolvidos com o apoio da Consultoria Legislativa. Como resultado do trabalho, s\u00e3o produzidos e publicados documentos de alta densidade cr\u00edtica e especializa\u00e7\u00e3o t\u00e9cnica ou cient\u00edfica, que trazem apensados Projetos de Lei e\/ou indica\u00e7\u00f5es para o Poder Executivo. Desde sua instala\u00e7\u00e3o em 2003 (\u00e0 \u00e9poca como Conselho de Altos Estudos), o CEDES tem contribu\u00eddo para o aperfei\u00e7oamento da atua\u00e7\u00e3o pol\u00edtico-parlamentar, fortalecendo o papel do Poder Legislativo na interlocu\u00e7\u00e3o de problemas de relev\u00e2ncia social perante a popula\u00e7\u00e3o brasileira.<\/p>\n<p><strong>Fonte<\/strong>: C\u00e2mara dos Deputados<\/p>\n","protected":false},"excerpt":{"rendered":"","protected":false},"author":1,"featured_media":21062,"comment_status":"closed","ping_status":"closed","sticky":false,"template":"","format":"standard","meta":{"footnotes":""},"categories":[2],"tags":[],"class_list":["post-21058","post","type-post","status-publish","format-standard","has-post-thumbnail","hentry","category-noticias"],"_links":{"self":[{"href":"https:\/\/cofecon.org.br\/cofecon\/index.php?rest_route=\/wp\/v2\/posts\/21058"}],"collection":[{"href":"https:\/\/cofecon.org.br\/cofecon\/index.php?rest_route=\/wp\/v2\/posts"}],"about":[{"href":"https:\/\/cofecon.org.br\/cofecon\/index.php?rest_route=\/wp\/v2\/types\/post"}],"author":[{"embeddable":true,"href":"https:\/\/cofecon.org.br\/cofecon\/index.php?rest_route=\/wp\/v2\/users\/1"}],"replies":[{"embeddable":true,"href":"https:\/\/cofecon.org.br\/cofecon\/index.php?rest_route=%2Fwp%2Fv2%2Fcomments&post=21058"}],"version-history":[{"count":0,"href":"https:\/\/cofecon.org.br\/cofecon\/index.php?rest_route=\/wp\/v2\/posts\/21058\/revisions"}],"wp:featuredmedia":[{"embeddable":true,"href":"https:\/\/cofecon.org.br\/cofecon\/index.php?rest_route=\/wp\/v2\/media\/21062"}],"wp:attachment":[{"href":"https:\/\/cofecon.org.br\/cofecon\/index.php?rest_route=%2Fwp%2Fv2%2Fmedia&parent=21058"}],"wp:term":[{"taxonomy":"category","embeddable":true,"href":"https:\/\/cofecon.org.br\/cofecon\/index.php?rest_route=%2Fwp%2Fv2%2Fcategories&post=21058"},{"taxonomy":"post_tag","embeddable":true,"href":"https:\/\/cofecon.org.br\/cofecon\/index.php?rest_route=%2Fwp%2Fv2%2Ftags&post=21058"}],"curies":[{"name":"wp","href":"https:\/\/api.w.org\/{rel}","templated":true}]}}