{"id":21033,"date":"2023-08-25T11:10:00","date_gmt":"2023-08-25T14:10:00","guid":{"rendered":"https:\/\/www.cofecon.org.br\/?p=21033"},"modified":"2023-08-25T11:10:00","modified_gmt":"2023-08-25T14:10:00","slug":"artigo-de-opiniao-getulio-vargas-saio-da-vida-para-entrar-na-historia","status":"publish","type":"post","link":"https:\/\/cofecon.org.br\/cofecon\/?p=21033","title":{"rendered":"Artigo de opini\u00e3o: Get\u00falio Vargas &#8211; &#8220;saio da vida, para entrar na hist\u00f3ria&#8221;"},"content":{"rendered":"<p><em>Artigo de opini\u00e3o por Marcos Antonio Moreira Calheiros, presidente do Conselho Regional de Econonomia &#8211; AL<\/em><\/p>\n<p>Uma das mais importante figuras da nossa hist\u00f3ria republicana, Get\u00falio Vargas, liderou em 1930, a revolu\u00e7\u00e3o que p\u00f4s fim a chamada Rep\u00fablica velha.<\/p>\n<p>Nasceu em 19 de abril de 1892, na cidade de S\u00e3o Borja, no Rio Grande do Sul. A fam\u00edlia Vargas era formada por estancieiros ricos e com forte influ\u00eancia pol\u00edtica no Rio Grande do Sul.<\/p>\n<p>Ao Assumir a Presid\u00eancia da Rep\u00fablica, adotou uma pol\u00edtica nacionalista. Em 1937, implantou a ditadura do Estado Novo, que se estendeu at\u00e9 1945. No final de 1939, criou o departamento de imprensa e propaganda (DIP), cujo objetivo era a censura e o est\u00edmulo ao \u201cculto\u201d a sua personalidade.<\/p>\n<p>Atrav\u00e9s do plano Cohen, Get\u00falio, por meio de alguns documentos, simulou uma revolu\u00e7\u00e3o comunista, perseguindo marxistas e opositores radicais. Vargas adotou medidas econ\u00f4micas nacionalistas, tais como: cria\u00e7\u00e3o do Conselho Nacional de Petr\u00f3leo, da Companhia Sider\u00fargica Nacional (CSN), iniciando o Complexo Sider\u00fargico de Volta Redonda, no estado do Rio de Janeiro, contribuindo fortemente no processo de industrializa\u00e7\u00e3o no Brasil. Tamb\u00e9m foi criado o Departamento Administrativo do Servi\u00e7o P\u00fablico (DASP).<\/p>\n<p>Nesse per\u00edodo e durante o conflito da Segunda Guerra Mundial, buscou estimular a ind\u00fastria nacional no processo de substitui\u00e7\u00e3o de importa\u00e7\u00f5es.<\/p>\n<p>Em agosto de 1942, o vapor Beapendi, com 306 pessoas a bordo mais os tripulantes, foi torpedeado por um submarino alem\u00e3o, na costa sergipana, matando 270 passageiros e 55 tripulantes. Dias depois, seis embarca\u00e7\u00f5es comercias foram afundadas pelos U-boats alem\u00e3es.<\/p>\n<p>Com a press\u00e3o da popula\u00e7\u00e3o, em passeatas de protestos contra o Eixo, por todo o Brasil, o Presidente Vargas, declara guerra em 22 de agosto de 1942.<\/p>\n<p>Em 1944, aproximadamente 25.000 militares da For\u00e7a Expedicion\u00e1ria Brasileira, desembarcaram na It\u00e1lia, se juntando as for\u00e7as norte-americanas na luta contra o nazifascismo.<\/p>\n<p>Passado o conflito mundial, o Governo Vargas conseguiu parte do financiamento para a sider\u00fargica de Volta Redonda.<\/p>\n<p>Todavia, as press\u00f5es internas e externas pela redemocratiza\u00e7\u00e3o do pa\u00eds enfraqueceram Get\u00falio, que foi deposto pelas For\u00e7as Armadas. O Estado Novo tinha chegado ao fim. 5 anos ap\u00f3s a sua derrubada, foi eleito com 48,7% dos votos, como Presidente da Rep\u00fablica, pelo Partido Trabalhista Brasileiro (PTB).<\/p>\n<p>Em 1952, \u00e9 criado o Banco do Nordeste do Brasil (BNB), visando estimular o desenvolvimento econ\u00f4mico e financeiro da regi\u00e3o nordeste. Em 1953, foi criada a Petrobras, instituindo o monop\u00f3lio estatal na explora\u00e7\u00e3o e refino de petr\u00f3leo no Brasil.<\/p>\n<p>Seu governo, de cunho estatizante, contraria interesses externos e de seguimentos da burguesia brasileira. O agravamento da situa\u00e7\u00e3o pol\u00edtica, se d\u00e1 com o atentado contra o jornalista e pol\u00edtico, Carlos Lacerda, empres\u00e1rio do Jornal Tribuna, na Rua Toneleiros, em Copacabana.<\/p>\n<p>A press\u00e3o pol\u00edtica, militar e de seguimentos empresariais, exigem seu afastamento. No dia 23 de agosto de 1954, depois de muitos protestos, Vargas recebeu um ultimato do Ministro da Guerra, exigindo imediatamente sua ren\u00fancia.<\/p>\n<p>Get\u00falio, diante do cen\u00e1rio que se encontrava, redige sua Carta Testamento, de cunho pol\u00edtico e se suicidou com um tiro no cora\u00e7\u00e3o, no dia 24 de agosto. A morte do l\u00edder Get\u00falio Vargas, cria uma verdadeira como\u00e7\u00e3o nacional, a cidade do Rio de Janeiro, a capital do pa\u00eds na \u00e9poca, paralisa totalmente diante da not\u00edcia. O Brasil perdeu o seu maior l\u00edder popular.<\/p>\n","protected":false},"excerpt":{"rendered":"<p>Artigo de opini\u00e3o por Marcos Antonio Moreira Calheiros, presidente do Conselho Regional de Econonomia &#8211; AL Uma das mais importante figuras da nossa hist\u00f3ria republicana, Get\u00falio Vargas, liderou em 1930, a revolu\u00e7\u00e3o que p\u00f4s fim a chamada Rep\u00fablica velha. Nasceu<\/p>\n<p><a class=\"more-link\" href=\"https:\/\/cofecon.org.br\/cofecon\/?p=21033\">Leia Mais<\/a><\/p>\n","protected":false},"author":1,"featured_media":21034,"comment_status":"closed","ping_status":"closed","sticky":false,"template":"","format":"standard","meta":{"footnotes":""},"categories":[6],"tags":[],"class_list":["post-21033","post","type-post","status-publish","format-standard","has-post-thumbnail","hentry","category-artigo"],"_links":{"self":[{"href":"https:\/\/cofecon.org.br\/cofecon\/index.php?rest_route=\/wp\/v2\/posts\/21033"}],"collection":[{"href":"https:\/\/cofecon.org.br\/cofecon\/index.php?rest_route=\/wp\/v2\/posts"}],"about":[{"href":"https:\/\/cofecon.org.br\/cofecon\/index.php?rest_route=\/wp\/v2\/types\/post"}],"author":[{"embeddable":true,"href":"https:\/\/cofecon.org.br\/cofecon\/index.php?rest_route=\/wp\/v2\/users\/1"}],"replies":[{"embeddable":true,"href":"https:\/\/cofecon.org.br\/cofecon\/index.php?rest_route=%2Fwp%2Fv2%2Fcomments&post=21033"}],"version-history":[{"count":0,"href":"https:\/\/cofecon.org.br\/cofecon\/index.php?rest_route=\/wp\/v2\/posts\/21033\/revisions"}],"wp:featuredmedia":[{"embeddable":true,"href":"https:\/\/cofecon.org.br\/cofecon\/index.php?rest_route=\/wp\/v2\/media\/21034"}],"wp:attachment":[{"href":"https:\/\/cofecon.org.br\/cofecon\/index.php?rest_route=%2Fwp%2Fv2%2Fmedia&parent=21033"}],"wp:term":[{"taxonomy":"category","embeddable":true,"href":"https:\/\/cofecon.org.br\/cofecon\/index.php?rest_route=%2Fwp%2Fv2%2Fcategories&post=21033"},{"taxonomy":"post_tag","embeddable":true,"href":"https:\/\/cofecon.org.br\/cofecon\/index.php?rest_route=%2Fwp%2Fv2%2Ftags&post=21033"}],"curies":[{"name":"wp","href":"https:\/\/api.w.org\/{rel}","templated":true}]}}