{"id":2098,"date":"2017-07-18T16:08:59","date_gmt":"2017-07-18T19:08:59","guid":{"rendered":"http:\/\/www.cofecon.org.br\/?p=2098"},"modified":"2017-07-18T16:08:59","modified_gmt":"2017-07-18T19:08:59","slug":"corecon-df-promovera-curso-aberto-de-financas-pessoais","status":"publish","type":"post","link":"https:\/\/cofecon.org.br\/cofecon\/?p=2098","title":{"rendered":"Corecon-DF promover\u00e1 Curso Aberto de Finan\u00e7as Pessoais"},"content":{"rendered":"<p>O Corecon-DF promover\u00e1 um curso aberto de Finan\u00e7as Pessoais. O evento contar\u00e1 com a participa\u00e7\u00e3o de economistas renomados que abordar\u00e3o diversas vertentes sobre o tema e ocorrer\u00e1 nos dias 1\u00ba a 4 de agosto, de 19 as 22h, no Conselho Federal de Economia (SCS Quadra 2, Ed. Pal\u00e1cio do Com\u00e9rcio, 12\u00ba andar).<\/p>\n<p>Para matricular-se, envie um e-mail para cursos@corecondf.org.br. Ser\u00e1 cobrada uma taxa colaborativa no valor de R$ 50,00 com o objetivo de arrecadar fundos para a participa\u00e7\u00e3o dos alunos do Corecon Acad\u00eamico-DF no\u00a0<a href=\"http:\/\/www.cbe2017.com.br\/\">Congresso Brasileiro de Economia<\/a>, que ocorrer\u00e1 no m\u00eas de setembro em Belo Horizonte-MG.<\/p>\n<p>Abaixo, conte\u00fado program\u00e1tico:<\/p>\n<p><strong>M\u00d3DULO 1<\/strong><\/p>\n<ul>\n<li>Defini\u00e7\u00f5es de dinheiro, endividamento, superendividamento, receita, despesa;<\/li>\n<li>\u00cdndice de endividamento das fam\u00edlias, \u00edndice de endividamento pessoal;<\/li>\n<li>Conhecer as causas que levam ao superendividamento;<\/li>\n<li>Proje\u00e7\u00e3o de taxas de juros;<\/li>\n<li>Outras formas de endividamentos;<\/li>\n<li>Empr\u00e9stimos pessoais e suas consequ\u00eancias;<\/li>\n<li>Sentimento que levam ao superendividamento;<\/li>\n<li>Como se planejar para sair do superendividamento;<\/li>\n<li>Tomada de decis\u00e3o, mudan\u00e7a de comportamento;<\/li>\n<li>Dicas econ\u00f4micas;<\/li>\n<li>Mudan\u00e7a de lado: superendividamento para aplicador.<\/li>\n<\/ul>\n<p><strong>M\u00d3DULO 2<\/strong><\/p>\n<ul>\n<li>Utiliza\u00e7\u00e3o de f\u00f3rmulas matem\u00e1ticas, juros, percentual;<\/li>\n<li>An\u00e1lises das despesas fixas, vari\u00e1veis e eventuais;<\/li>\n<li>Apresenta\u00e7\u00e3o de planilha simples de an\u00e1lise financeira;<\/li>\n<li>Exerc\u00edcio \u2013 preenchimento de planilha simples de an\u00e1lise financeira;<\/li>\n<li>Utiliza\u00e7\u00e3o de planilha \u2013 balancete mensal de pessoa f\u00edsica.<\/li>\n<\/ul>\n<p><strong>M\u00d3DULO 3<\/strong><\/p>\n<ul>\n<li>Planejamento das finan\u00e7as pessoais;<\/li>\n<li>Consumo consciente, evitar desperd\u00edcios;<\/li>\n<li>Investimentos: poupan\u00e7a, CDB\u2019S, t\u00edtulos p\u00fablicos, previd\u00eancia privada, neg\u00f3cio pr\u00f3prio, im\u00f3veis e outros;<\/li>\n<li>Exerc\u00edcio pr\u00e1tico pessoal.<\/li>\n<\/ul>\n<p>Haver\u00e1 entrega de certificado.<\/p>\n<p><img loading=\"lazy\" decoding=\"async\" class=\"wp-image-2099 size-full aligncenter\" src=\"http:\/\/cofecon.org.br\/cofecon\/wp-content\/uploads\/2017\/07\/Corecon-DF.jpeg\" alt=\"\" width=\"1000\" height=\"608\" srcset=\"https:\/\/cofecon.org.br\/cofecon\/wp-content\/uploads\/2017\/07\/Corecon-DF.jpeg 1000w, https:\/\/cofecon.org.br\/cofecon\/wp-content\/uploads\/2017\/07\/Corecon-DF-300x182.jpeg 300w, https:\/\/cofecon.org.br\/cofecon\/wp-content\/uploads\/2017\/07\/Corecon-DF-768x467.jpeg 768w, https:\/\/cofecon.org.br\/cofecon\/wp-content\/uploads\/2017\/07\/Corecon-DF-800x486.jpeg 800w\" sizes=\"(max-width: 1000px) 100vw, 1000px\" \/><\/p>\n","protected":false},"excerpt":{"rendered":"<p>O Corecon-DF promover\u00e1 um curso aberto de Finan\u00e7as Pessoais. O evento contar\u00e1 com a participa\u00e7\u00e3o de economistas renomados que abordar\u00e3o diversas vertentes sobre o tema e ocorrer\u00e1 nos dias 1\u00ba a 4 de agosto, de 19 as 22h, no Conselho<\/p>\n<p><a class=\"more-link\" href=\"https:\/\/cofecon.org.br\/cofecon\/?p=2098\">Leia Mais<\/a><\/p>\n","protected":false},"author":1,"featured_media":2100,"comment_status":"open","ping_status":"open","sticky":false,"template":"","format":"standard","meta":{"footnotes":""},"categories":[2],"tags":[],"class_list":["post-2098","post","type-post","status-publish","format-standard","has-post-thumbnail","hentry","category-noticias"],"_links":{"self":[{"href":"https:\/\/cofecon.org.br\/cofecon\/index.php?rest_route=\/wp\/v2\/posts\/2098"}],"collection":[{"href":"https:\/\/cofecon.org.br\/cofecon\/index.php?rest_route=\/wp\/v2\/posts"}],"about":[{"href":"https:\/\/cofecon.org.br\/cofecon\/index.php?rest_route=\/wp\/v2\/types\/post"}],"author":[{"embeddable":true,"href":"https:\/\/cofecon.org.br\/cofecon\/index.php?rest_route=\/wp\/v2\/users\/1"}],"replies":[{"embeddable":true,"href":"https:\/\/cofecon.org.br\/cofecon\/index.php?rest_route=%2Fwp%2Fv2%2Fcomments&post=2098"}],"version-history":[{"count":0,"href":"https:\/\/cofecon.org.br\/cofecon\/index.php?rest_route=\/wp\/v2\/posts\/2098\/revisions"}],"wp:featuredmedia":[{"embeddable":true,"href":"https:\/\/cofecon.org.br\/cofecon\/index.php?rest_route=\/wp\/v2\/media\/2100"}],"wp:attachment":[{"href":"https:\/\/cofecon.org.br\/cofecon\/index.php?rest_route=%2Fwp%2Fv2%2Fmedia&parent=2098"}],"wp:term":[{"taxonomy":"category","embeddable":true,"href":"https:\/\/cofecon.org.br\/cofecon\/index.php?rest_route=%2Fwp%2Fv2%2Fcategories&post=2098"},{"taxonomy":"post_tag","embeddable":true,"href":"https:\/\/cofecon.org.br\/cofecon\/index.php?rest_route=%2Fwp%2Fv2%2Ftags&post=2098"}],"curies":[{"name":"wp","href":"https:\/\/api.w.org\/{rel}","templated":true}]}}