{"id":2095,"date":"2017-07-18T14:33:04","date_gmt":"2017-07-18T17:33:04","guid":{"rendered":"http:\/\/www.cofecon.org.br\/?p=2095"},"modified":"2017-07-18T14:33:04","modified_gmt":"2017-07-18T17:33:04","slug":"destaques-da-679o-sessao-plenaria-do-cofecon","status":"publish","type":"post","link":"https:\/\/cofecon.org.br\/cofecon\/?p=2095","title":{"rendered":"Destaques da 679\u00ba Sess\u00e3o Plen\u00e1ria do Cofecon"},"content":{"rendered":"<p style=\"text-align: justify;\">A 679\u00aa Sess\u00e3o Plen\u00e1ria do Conselho Federal de Economia ocorreu nos dias 14 e 15 de julho, na sede da autarquia, em Bras\u00edlia. A reuni\u00e3o teve in\u00edcio com um debate de conjuntura econ\u00f4mica sobre \u201cPol\u00edtica Industrial\u201d, que teve como palestrantes os economistas Fernando de Aquino Fonseca Neto, conselheiro federal e presidente do Conselho Regional de Economia de Pernambuco (Corecon-PE); e Jackson de Toni, coordenador de Planejamento da Ag\u00eancia Brasileira de Desenvolvimento Industrial (ABDI). A discuss\u00e3o foi transmitida <a href=\"https:\/\/www.facebook.com\/cofeconeconomia\/videos\/1418784621524346\"><span style=\"text-decoration: underline;\"><strong>ao vivo pelo Facebook do Cofecon<\/strong><\/span><\/a><\/p>\n<p style=\"text-align: justify;\">Considerando o debate realizado, os conselheiros federais do Cofecon produziram a <a href=\"http:\/\/www.cofecon.org.br\/2017\/07\/15\/nota-do-cofecon-sobre-politica-industrial-e-de-inovacao\/\"><span style=\"text-decoration: underline;\"><strong>Nota do Cofecon sobre Pol\u00edtica Industrial e de Inova\u00e7\u00e3o<\/strong><\/span><\/a>, na qual consideram \u201cessencial a institui\u00e7\u00e3o de pol\u00edtica industrial no pa\u00eds que promova a eleva\u00e7\u00e3o da produtividade com foco em inova\u00e7\u00f5es efetivamente aplic\u00e1veis no aumento da complexidade produtiva, a partir do desenvolvimento cient\u00edfico e tecnol\u00f3gico\u201d.<\/p>\n<p style=\"text-align: justify;\">A Plen\u00e1ria do Cofecon tamb\u00e9m aprovou a <a href=\"http:\/\/www.cofecon.org.br\/2017\/07\/14\/nota-do-cofecon-a-importancia-da-regulamentacao-das-compensacoes-aos-estados-pelas-perdas-com-a-lei-kandir\/\"><span style=\"text-decoration: underline;\"><strong>Nota do Cofecon ao Congresso Nacional: A import\u00e2ncia da regulamenta\u00e7\u00e3o das compensa\u00e7\u00f5es aos estados pelas perdas com a Lei Kandir<\/strong><\/span><\/a>. O documento ser\u00e1 protocolizado ainda nesta semana no Congresso Nacional, nos Minist\u00e9rios do Planejamento, Desenvolvimento e Gest\u00e3o; Ci\u00eancia, Tecnologia, Inova\u00e7\u00f5es e Comunica\u00e7\u00f5es; e Ind\u00fastria, Com\u00e9rcio Exterior e Servi\u00e7os; al\u00e9m de institui\u00e7\u00f5es de pesquisa: Coordena\u00e7\u00e3o de Aperfei\u00e7oamento de Pessoal de N\u00edvel Superior (CAPES); Conselho Nacional de Desenvolvimento Cient\u00edfico e Tecnol\u00f3gico (CNPq) e Financiadora de Estudos e Projetos (FINEP).<\/p>\n<p style=\"text-align: justify;\">Na pauta da Plen\u00e1ria, homologa\u00e7\u00e3o da Resolu\u00e7\u00e3o n\u00ba 1976\/2017 que regulamenta o acesso a informa\u00e7\u00f5es no \u00e2mbito do Cofecon, em conformidade com a Lei n\u00ba 12.257, de 18 de novembro de 2011, e com o Decreto n\u00ba 7.724, de 16 de maio de 2012. Tamb\u00e9m tiveram destaque a institui\u00e7\u00e3o de novo Programa de Recupera\u00e7\u00e3o de Cr\u00e9ditos (Recred) e delibera\u00e7\u00e3o sobre o Simp\u00f3sio Nacional dos Conselhos de Economia: foi definido que um grupo de trabalho analisar\u00e1 as propostas aprovadas no simp\u00f3sio anterior que recomendam a abertura do Sistema Cofecon\/Corecons para registro de profissionais oriundos de outros cursos de bacharelado e tecn\u00f3logo que tenham conte\u00fado correlato ao do curso de Economia. Sobre o pr\u00f3ximo SINCE, a ser realizado em 2018 na cidade de Porto Velho (RO), os conselheiros definiram por vota\u00e7\u00e3o o tema \u201cCrise dos Estados, Responsabilidade Fiscal e Retomada do Crescimento Econ\u00f4mico\u201d.<\/p>\n<p style=\"text-align: justify;\">Por fim, foi alterado o Calend\u00e1rio de Eventos 2017: a 681\u00aa Plen\u00e1ria do Cofecon ser\u00e1 realizada de 30 de novembro a 2 de dezembro.<\/p>\n","protected":false},"excerpt":{"rendered":"<p>A 679\u00aa Sess\u00e3o Plen\u00e1ria do Conselho Federal de Economia ocorreu nos dias 14 e 15 de julho, na sede da autarquia, em Bras\u00edlia. A reuni\u00e3o teve in\u00edcio com um debate de conjuntura econ\u00f4mica sobre \u201cPol\u00edtica Industrial\u201d, que teve como palestrantes<\/p>\n<p><a class=\"more-link\" href=\"https:\/\/cofecon.org.br\/cofecon\/?p=2095\">Leia Mais<\/a><\/p>\n","protected":false},"author":1,"featured_media":2042,"comment_status":"open","ping_status":"open","sticky":false,"template":"","format":"standard","meta":{"footnotes":""},"categories":[2],"tags":[],"class_list":["post-2095","post","type-post","status-publish","format-standard","has-post-thumbnail","hentry","category-noticias"],"_links":{"self":[{"href":"https:\/\/cofecon.org.br\/cofecon\/index.php?rest_route=\/wp\/v2\/posts\/2095"}],"collection":[{"href":"https:\/\/cofecon.org.br\/cofecon\/index.php?rest_route=\/wp\/v2\/posts"}],"about":[{"href":"https:\/\/cofecon.org.br\/cofecon\/index.php?rest_route=\/wp\/v2\/types\/post"}],"author":[{"embeddable":true,"href":"https:\/\/cofecon.org.br\/cofecon\/index.php?rest_route=\/wp\/v2\/users\/1"}],"replies":[{"embeddable":true,"href":"https:\/\/cofecon.org.br\/cofecon\/index.php?rest_route=%2Fwp%2Fv2%2Fcomments&post=2095"}],"version-history":[{"count":0,"href":"https:\/\/cofecon.org.br\/cofecon\/index.php?rest_route=\/wp\/v2\/posts\/2095\/revisions"}],"wp:featuredmedia":[{"embeddable":true,"href":"https:\/\/cofecon.org.br\/cofecon\/index.php?rest_route=\/wp\/v2\/media\/2042"}],"wp:attachment":[{"href":"https:\/\/cofecon.org.br\/cofecon\/index.php?rest_route=%2Fwp%2Fv2%2Fmedia&parent=2095"}],"wp:term":[{"taxonomy":"category","embeddable":true,"href":"https:\/\/cofecon.org.br\/cofecon\/index.php?rest_route=%2Fwp%2Fv2%2Fcategories&post=2095"},{"taxonomy":"post_tag","embeddable":true,"href":"https:\/\/cofecon.org.br\/cofecon\/index.php?rest_route=%2Fwp%2Fv2%2Ftags&post=2095"}],"curies":[{"name":"wp","href":"https:\/\/api.w.org\/{rel}","templated":true}]}}