{"id":20935,"date":"2023-08-10T17:35:11","date_gmt":"2023-08-10T20:35:11","guid":{"rendered":"https:\/\/www.cofecon.org.br\/?p=20935"},"modified":"2025-10-13T16:47:49","modified_gmt":"2025-10-13T19:47:49","slug":"cofecon-realiza-debate-com-gabriel-galipolo-reducao-da-taxa-de-juros-e-o-tema","status":"publish","type":"post","link":"https:\/\/cofecon.org.br\/cofecon\/?p=20935","title":{"rendered":"Cofecon realiza debate com Gabriel Gal\u00edpolo; redu\u00e7\u00e3o da taxa de juros \u00e9 o tema"},"content":{"rendered":"<p><i><span data-contrast=\"auto\">Evento \u00e9 parte das comemora\u00e7\u00f5es do M\u00eas do Economista e ter\u00e1 transmiss\u00e3o ao vivo, no dia 15 de agosto, \u00e0s 10 horas. Inscreva-se gratuitamente<\/span><\/i><span data-ccp-props=\"{&quot;134233117&quot;:true,&quot;134233118&quot;:true,&quot;201341983&quot;:0,&quot;335559740&quot;:240}\">\u00a0<\/span><\/p>\n<p><span data-contrast=\"auto\">\u202f<\/span><span data-contrast=\"auto\">O diretor de Pol\u00edtica Monet\u00e1ria do Banco Central, Gabriel Gal\u00edpolo, \u00e9 presen\u00e7a confirmada no evento virtual que ser\u00e1 realizado pelo Cofecon no dia 15 de agosto, \u00e0s 10 horas, como parte das comemora\u00e7\u00f5es do M\u00eas do Economista. Na ocasi\u00e3o, haver\u00e1 um debate sobre a \u201cRedu\u00e7\u00e3o da taxa Selic e as implica\u00e7\u00f5es para a economia brasileira\u201d, com transmiss\u00e3o ao vivo. A apresenta\u00e7\u00e3o ser\u00e1 do presidente do Cofecon, Paulo Dantas da Costa, enquanto os conselheiros Antonio Corr\u00eaa de Lacerda e Fernando de Aquino Fonseca Neto atuar\u00e3o como debatedores.<\/span><span data-ccp-props=\"{&quot;134233117&quot;:true,&quot;134233118&quot;:true,&quot;201341983&quot;:0,&quot;335559740&quot;:240}\">\u00a0<\/span><\/p>\n<p><span data-contrast=\"auto\">Em sua mais recente reuni\u00e3o \u2013 e a primeira desde que Gal\u00edpolo assumiu a diretoria de Pol\u00edtica Monet\u00e1ria &#8211; o Comit\u00ea de Pol\u00edtica Monet\u00e1ria do Banco Central (Copom) decidiu pela redu\u00e7\u00e3o da taxa b\u00e1sica de juros em 0,5 ponto percentual, passando de 13,75% para 13,25% ao ano. A redu\u00e7\u00e3o dos juros era cobrada h\u00e1 v\u00e1rios meses pelo presidente Luiz In\u00e1cio Lula da Silva.<\/span><span data-ccp-props=\"{&quot;134233117&quot;:true,&quot;134233118&quot;:true,&quot;201341983&quot;:0,&quot;335559740&quot;:240}\">\u00a0<\/span><\/p>\n<p><span data-contrast=\"auto\">Para acompanhar o debate, inscreva-se em <\/span><a href=\"https:\/\/bit.ly\/3rZlm7g\"><span data-contrast=\"none\">https:\/\/bit.ly\/3rZlm7g<\/span><\/a><span data-contrast=\"auto\">\u202f\u00a0<\/span><span data-ccp-props=\"{&quot;134233117&quot;:true,&quot;134233118&quot;:true,&quot;201341983&quot;:0,&quot;335559740&quot;:240}\">\u00a0<\/span><\/p>\n<p><span data-contrast=\"auto\">\u202f<\/span><b><span data-contrast=\"auto\">Participantes<\/span><\/b><span data-ccp-props=\"{&quot;134233117&quot;:true,&quot;134233118&quot;:true,&quot;201341983&quot;:0,&quot;335559740&quot;:240}\">\u00a0<\/span><\/p>\n<p><span data-contrast=\"auto\">Gabriel Gal\u00edpolo \u00e9 graduado em Ci\u00eancias Econ\u00f4micas e mestre em Economia Pol\u00edtica (PUC\/SP). Lecionou nos cursos de gradua\u00e7\u00e3o da mesma institui\u00e7\u00e3o e no MBA da Funda\u00e7\u00e3o Escola de Sociologia e Pol\u00edtica de S\u00e3o Paulo (FESPSP) e \u00e9 pesquisador do Centro Brasileiro de Rela\u00e7\u00f5es Internacionais (Cebri). Atuou na assessoria econ\u00f4mica da Secretaria de Transportes Metropolitanos e na Secretaria de Economia e Planejamento, ambos do estado de S\u00e3o Paulo, durante o governo de Jos\u00e9 Serra. Foi tamb\u00e9m presidente do Banco Fator. No governo Lula, foi secret\u00e1rio-executivo do Minist\u00e9rio da Fazenda. Indicado para a diretoria de Pol\u00edtica Monet\u00e1ria do Banco Central, teve seu nome aprovado pelo Senado em julho.<\/span><span data-ccp-props=\"{&quot;134233117&quot;:true,&quot;134233118&quot;:true,&quot;201341983&quot;:0,&quot;335559740&quot;:240}\">\u00a0<\/span><\/p>\n<p><span data-contrast=\"auto\">\u202f<\/span><span data-contrast=\"auto\">Paulo Dantas da Costa \u00e9 graduado em Ci\u00eancias Econ\u00f4micas pela Faculdade Cat\u00f3lica de Ci\u00eancias Econ\u00f4micas da Bahia e especialista em Direito Tribut\u00e1rio e Administra\u00e7\u00e3o Financeira Governamental. Ap\u00f3s trabalhar no Banespa, foi Auditor Fiscal da Secretaria da Fazenda do Estado da Bahia, tendo ocupado diversos cargos de dire\u00e7\u00e3o, inclusive o de Coordenador de Programa\u00e7\u00e3o Financeira. Atualmente, \u00e9 consultor em diversas empresas p\u00fablicas e privadas e presidente do Conselho Federal de Economia.<\/span><span data-ccp-props=\"{&quot;134233117&quot;:true,&quot;134233118&quot;:true,&quot;201341983&quot;:0,&quot;335559740&quot;:240}\">\u00a0<\/span><\/p>\n<p><span data-contrast=\"auto\">Antonio Corr\u00eaa de Lacerda \u00e9 Professor-Doutor do programa de p\u00f3s-gradua\u00e7\u00e3o em Economia Pol\u00edtica da Pontif\u00edcia Universidade Cat\u00f3lica de S\u00e3o Paulo (PUC-SP) e membro da Comiss\u00e3o de Estudos Estrat\u00e9gicos do BNDES. Dedica-se continuamente \u00e0 produ\u00e7\u00e3o de artigos relevantes para o entendimento da conjuntura do pa\u00eds, regularmente veiculados em jornais de grande circula\u00e7\u00e3o. \u00c9 colaborador do jornal O Estado de S. Paulo e comentarista do Jornal da Cultura (TV Cultura). Publicou cerca de 20 livros da \u00e1rea de Economia \u2013 entre eles, \u201cEconomia Brasileira\u201d, \u201cDesnacionaliza\u00e7\u00e3o\u201d \u2013 vencedor do Pr\u00eamio Jabuti de 2001, na \u00e1rea de economia; \u201cO Mito da Austeridade\u201d; e \u201cReindustrializa\u00e7\u00e3o: Para o Desenvolvimento Brasileiro\u201d. Foi presidente do Cofecon por quatro mandatos.<\/span><span data-ccp-props=\"{&quot;134233117&quot;:true,&quot;134233118&quot;:true,&quot;201341983&quot;:0,&quot;335559740&quot;:240}\">\u00a0<\/span><\/p>\n<p><span data-contrast=\"auto\">\u202f<\/span><span data-contrast=\"auto\">Fernando de Aquino Fonseca Neto \u00e9 graduado em Ci\u00eancias Econ\u00f4micas pela Universidade Federal de Pernambuco, mestre em Economia pela mesma institui\u00e7\u00e3o e doutor pela Universidade de Bras\u00edlia. Lecionou em v\u00e1rias institui\u00e7\u00f5es de ensino superior e foi presidente do Conselho Regional de Economia de Pernambuco. \u00c9 analista do Banco Central do Brasil, onde atua no Departamento de Opera\u00e7\u00f5es do Mercado Aberto, e conselheiro coordenador da Comiss\u00e3o de Pol\u00edtica Econ\u00f4mica do Conselho Federal de Economia.<\/span><span data-ccp-props=\"{&quot;134233117&quot;:true,&quot;134233118&quot;:true,&quot;201341983&quot;:0,&quot;335559740&quot;:240}\">\u00a0<\/span><\/p>\n<p><b><span data-contrast=\"auto\">Evento<\/span><\/b><span data-ccp-props=\"{&quot;134233117&quot;:true,&quot;134233118&quot;:true,&quot;201341983&quot;:0,&quot;335559740&quot;:240}\">\u00a0<\/span><\/p>\n<p><span data-contrast=\"auto\">Debate: Redu\u00e7\u00e3o da taxa Selic e as implica\u00e7\u00f5es para a economia brasileira<\/span>\u00a0<br \/><span data-contrast=\"auto\">Quando: 15 de agosto, \u00e0s 10 horas<\/span>\u00a0<br \/><span data-contrast=\"auto\">Inscri\u00e7\u00f5es: <\/span><a href=\"https:\/\/bit.ly\/3rZlm7g\"><span data-contrast=\"none\">https:\/\/bit.ly\/3rZlm7g<\/span><\/a><span data-contrast=\"auto\">\u202f<\/span>\u00a0<br \/><span data-contrast=\"auto\">Convidado: Gabriel Gal\u00edpolo<\/span>\u00a0<br \/><span data-contrast=\"auto\">Apresenta\u00e7\u00e3o: Paulo Dantas da Costa<\/span>\u00a0<br \/><span data-contrast=\"auto\">Debatedores: Antonio Corr\u00eaa de Lacerda e Fernando de Aquino Fonseca Neto<\/span><span data-ccp-props=\"{&quot;134233117&quot;:true,&quot;134233118&quot;:true,&quot;201341983&quot;:0,&quot;335559740&quot;:240}\">\u00a0<\/span><\/p>\n\n","protected":false},"excerpt":{"rendered":"<p>Evento \u00e9 parte das comemora\u00e7\u00f5es do M\u00eas do Economista e ter\u00e1 transmiss\u00e3o ao vivo, no dia 15 de agosto, \u00e0s 10 horas. Inscreva-se gratuitamente\u00a0 \u202fO diretor de Pol\u00edtica Monet\u00e1ria do Banco Central, Gabriel Gal\u00edpolo, \u00e9 presen\u00e7a confirmada no evento virtual<\/p>\n<p><a class=\"more-link\" href=\"https:\/\/cofecon.org.br\/cofecon\/?p=20935\">Leia Mais<\/a><\/p>\n","protected":false},"author":1,"featured_media":20938,"comment_status":"closed","ping_status":"closed","sticky":false,"template":"","format":"standard","meta":{"footnotes":""},"categories":[60,2],"tags":[],"class_list":["post-20935","post","type-post","status-publish","format-standard","has-post-thumbnail","hentry","category-acoes-da-presidencia-dantas","category-noticias"],"_links":{"self":[{"href":"https:\/\/cofecon.org.br\/cofecon\/index.php?rest_route=\/wp\/v2\/posts\/20935"}],"collection":[{"href":"https:\/\/cofecon.org.br\/cofecon\/index.php?rest_route=\/wp\/v2\/posts"}],"about":[{"href":"https:\/\/cofecon.org.br\/cofecon\/index.php?rest_route=\/wp\/v2\/types\/post"}],"author":[{"embeddable":true,"href":"https:\/\/cofecon.org.br\/cofecon\/index.php?rest_route=\/wp\/v2\/users\/1"}],"replies":[{"embeddable":true,"href":"https:\/\/cofecon.org.br\/cofecon\/index.php?rest_route=%2Fwp%2Fv2%2Fcomments&post=20935"}],"version-history":[{"count":1,"href":"https:\/\/cofecon.org.br\/cofecon\/index.php?rest_route=\/wp\/v2\/posts\/20935\/revisions"}],"predecessor-version":[{"id":26538,"href":"https:\/\/cofecon.org.br\/cofecon\/index.php?rest_route=\/wp\/v2\/posts\/20935\/revisions\/26538"}],"wp:featuredmedia":[{"embeddable":true,"href":"https:\/\/cofecon.org.br\/cofecon\/index.php?rest_route=\/wp\/v2\/media\/20938"}],"wp:attachment":[{"href":"https:\/\/cofecon.org.br\/cofecon\/index.php?rest_route=%2Fwp%2Fv2%2Fmedia&parent=20935"}],"wp:term":[{"taxonomy":"category","embeddable":true,"href":"https:\/\/cofecon.org.br\/cofecon\/index.php?rest_route=%2Fwp%2Fv2%2Fcategories&post=20935"},{"taxonomy":"post_tag","embeddable":true,"href":"https:\/\/cofecon.org.br\/cofecon\/index.php?rest_route=%2Fwp%2Fv2%2Ftags&post=20935"}],"curies":[{"name":"wp","href":"https:\/\/api.w.org\/{rel}","templated":true}]}}