{"id":20931,"date":"2023-08-10T16:46:42","date_gmt":"2023-08-10T19:46:42","guid":{"rendered":"https:\/\/www.cofecon.org.br\/?p=20931"},"modified":"2023-08-10T16:46:42","modified_gmt":"2023-08-10T19:46:42","slug":"lacerda-discute-reindustrializacao-juros-inflacao-e-cambio","status":"publish","type":"post","link":"https:\/\/cofecon.org.br\/cofecon\/?p=20931","title":{"rendered":"Lacerda discute reindustrializa\u00e7\u00e3o, juros, infla\u00e7\u00e3o e c\u00e2mbio"},"content":{"rendered":"<p><i><span data-contrast=\"auto\">Conselheiro federal foi entrevistado no programa De Olho no C\u00e2mbio e abordou os desafios da economia brasileira para voltar a crescer de forma inclusiva<\/span><\/i><span data-ccp-props=\"{&quot;201341983&quot;:0,&quot;335551550&quot;:6,&quot;335551620&quot;:6,&quot;335559739&quot;:160,&quot;335559740&quot;:259}\">\u00a0<\/span><\/p>\n<p><span data-contrast=\"auto\">O conselheiro federal Antonio Corr\u00eaa de Lacerda participou nesta ter\u00e7a-feira do programa De Olho no C\u00e2mbio, conte\u00fado jornal\u00edstico produzido pela plataforma digital Remessa Online. Ele conversou com os jornalistas Sidney Rezende e Rui Gon\u00e7alves e com o economista Andr\u00e9 Galhardo sobre a ata do Copom, a necessidade de reindustrializar o Brasil, as mudan\u00e7as ocorridas na infla\u00e7\u00e3o e seu impacto sobre o c\u00e2mbio. A entrevista pode ser assistida clicando <a href=\"https:\/\/www.youtube.com\/watch?v=vVjOF-w1L30\"><span style=\"text-decoration: underline;\"><strong>AQUI<\/strong><\/span><\/a>.\u00a0<\/span><\/p>\n<p><span data-contrast=\"auto\">Acerca da ata do Comit\u00ea de Pol\u00edtica Monet\u00e1ria (Copom), divulgada ap\u00f3s a redu\u00e7\u00e3o da taxa de juros em 0,5 ponto percentual (de 13,75% para 13,25%), Lacerda observou que ela ainda est\u00e1 muito acima da infla\u00e7\u00e3o. \u201cTemos a taxa de juros reais mais alta do mundo e um espa\u00e7o enorme para reduzi-la, inclusive a um ritmo mais acelerado do que vem sendo veiculado. Eu teria dito para reduzir 0,75 ponto nesta reuni\u00e3o\u201d, afirmou o conselheiro. A ata tamb\u00e9m mencionou uma \u201cestabilidade\u201d no setor industrial. \u201c\u00c9 uma estagna\u00e7\u00e3o que j\u00e1 dura dez anos. O crescimento do consumo foi abastecido pelas importa\u00e7\u00f5es. E este fen\u00f4meno n\u00e3o \u00e9 internacional. \u00c9 uma substitui\u00e7\u00e3o da produ\u00e7\u00e3o local por importa\u00e7\u00f5es de forma anticompetitiva. Estamos abrindo m\u00e3o de impostos, empregos, tecnologia e valor agregado\u201d.<\/span><span data-ccp-props=\"{&quot;201341983&quot;:0,&quot;335559739&quot;:160,&quot;335559740&quot;:259}\">\u00a0<\/span><\/p>\n<p><span data-contrast=\"auto\">Ap\u00f3s a queda dos juros, o d\u00f3lar passou de um n\u00edvel pr\u00f3ximo a R$ 4,70 para R$ 4,90. \u201cAtribuo essa valoriza\u00e7\u00e3o a fatores conjunturais. Em breve teremos um equil\u00edbrio e ser\u00e1 um desafio evitar uma valoriza\u00e7\u00e3o excessiva do real, porque seria um problema para a reindustrializa\u00e7\u00e3o\u201d, expressou o economista. Ao abordar os desafios contempor\u00e2neos sobre as cadeias produtivas, Lacerda v\u00ea uma oportunidade para o Brasil. \u201cTemos um DNA industrial, pela grande transi\u00e7\u00e3o da agricultura para a ind\u00fastria que foi feita no S\u00e9culo 20. Mas ela s\u00f3 ser\u00e1 aproveitada se adotarmos pol\u00edticas macroecon\u00f4micas e de competitividade (industrial, comercial e de inova\u00e7\u00e3o) que induzam este processo de reindustrializa\u00e7\u00e3o, levando em conta a transi\u00e7\u00e3o energ\u00e9tica, a descarboniza\u00e7\u00e3o e a economia digital, sem esquecer o lado da inclus\u00e3o social\u201d.<\/span><span data-ccp-props=\"{&quot;201341983&quot;:0,&quot;335559739&quot;:160,&quot;335559740&quot;:259}\">\u00a0<\/span><\/p>\n<p><span data-contrast=\"auto\">Ao falar sobre a import\u00e2ncia da ind\u00fastria, Lacerda colocou o fato de que n\u00e3o h\u00e1 precedente de pa\u00edses que tenham se desenvolvido sem uma ind\u00fastria pujante. \u201cO agro \u00e9 importante, sustenta a balan\u00e7a comercial, \u00e9 uma vantagem competitiva. Mas a ind\u00fastria \u00e9 importante porque gera valor agregado. O Brasil pode ser uma pot\u00eancia no complexo agropecu\u00e1rio, mineral e petrol\u00edfero e ser tamb\u00e9m uma pot\u00eancia de descarboniza\u00e7\u00e3o e industrializa\u00e7\u00e3o voltada para a transi\u00e7\u00e3o energ\u00e9tica e a energia limpa\u201d, argumentou. \u201cTemos que integrar os setores tradicionais com os novos setores, como economia da sa\u00fade, educa\u00e7\u00e3o e infraestrutura. A vis\u00e3o montada no governo Lula 3 envolve estrat\u00e9gia e financiamento e temos que contar com todas as possibilidades para retomar o investimento p\u00fablico\u201d.<\/span><span data-ccp-props=\"{&quot;201341983&quot;:0,&quot;335559739&quot;:160,&quot;335559740&quot;:259}\">\u00a0<\/span><\/p>\n<p><span data-contrast=\"auto\">Uma pesquisa publicada no jornal Valor Econ\u00f4mico trouxe a possibilidade de, com a queda dos juros, haver uma transforma\u00e7\u00e3o dos ganhos de renda em consumo, com um potencial de 5 trilh\u00f5es de reais. Mas o consumo n\u00e3o tem crescido de forma expressiva nos \u00faltimos anos. \u201cEste \u00e9 o ponto fundamental quando se fala em inclus\u00e3o social. Temos 20 milh\u00f5es de brasileiros est\u00e3o fora do mercado de trabalho, sendo 8 milh\u00f5es de desempregados, 4 milh\u00f5es de desalentados e 8 milh\u00f5es de subocupados. Isso representa um quinto da Popula\u00e7\u00e3o Economicamente Ativa\u201d, observou Lacerda. \u201cTemos muita potencialidade, mas convivemos com 33 milh\u00f5es de famintos. Precisamos reincorporar as pessoas ao mercado de trabalho e consumo e \u00e0 pr\u00f3pria cidadania. A recupera\u00e7\u00e3o de 70 milh\u00f5es de brasileiros que hoje est\u00e3o inadimplentes \u00e9 relevante para reincorpor\u00e1-los ao consumo. H\u00e1 tamb\u00e9m um campo de trabalho importante na redu\u00e7\u00e3o das taxas de juros ao tomador final\u201d.<\/span><span data-ccp-props=\"{&quot;201341983&quot;:0,&quot;335559739&quot;:160,&quot;335559740&quot;:259}\">\u00a0<\/span><\/p>\n<p><span data-contrast=\"auto\">Al\u00e9m dessas medidas, a segunda fase da reforma tribut\u00e1ria buscar\u00e1 tornar a tributa\u00e7\u00e3o mais progressiva. \u201cHoje ela \u00e9 concentrada em tributos indiretos e onera mais quem ganha menos. A pol\u00edtica de valoriza\u00e7\u00e3o do sal\u00e1rio m\u00ednimo tamb\u00e9m \u00e9 importante. E, por \u00faltimo, a retomada do crescimento poder\u00e1 incorporar estas pessoas\u201d, pontuou o economista. Por fim, Lacerda projetou um crescimento de 2% a 2,5% para este ano, com a ressalva de que o n\u00famero \u201cdepende de uma s\u00e9rie de fatores\u201d, mas que pode ser melhor nos pr\u00f3ximos anos.<\/span><span data-ccp-props=\"{&quot;201341983&quot;:0,&quot;335559739&quot;:160,&quot;335559740&quot;:259}\">\u00a0<\/span><\/p>\n","protected":false},"excerpt":{"rendered":"<p>Conselheiro federal foi entrevistado no programa De Olho no C\u00e2mbio e abordou os desafios da economia brasileira para voltar a crescer de forma inclusiva\u00a0 O conselheiro federal Antonio Corr\u00eaa de Lacerda participou nesta ter\u00e7a-feira do programa De Olho no C\u00e2mbio,<\/p>\n<p><a class=\"more-link\" href=\"https:\/\/cofecon.org.br\/cofecon\/?p=20931\">Leia Mais<\/a><\/p>\n","protected":false},"author":1,"featured_media":20933,"comment_status":"closed","ping_status":"closed","sticky":false,"template":"","format":"standard","meta":{"footnotes":""},"categories":[2],"tags":[],"class_list":["post-20931","post","type-post","status-publish","format-standard","has-post-thumbnail","hentry","category-noticias"],"_links":{"self":[{"href":"https:\/\/cofecon.org.br\/cofecon\/index.php?rest_route=\/wp\/v2\/posts\/20931"}],"collection":[{"href":"https:\/\/cofecon.org.br\/cofecon\/index.php?rest_route=\/wp\/v2\/posts"}],"about":[{"href":"https:\/\/cofecon.org.br\/cofecon\/index.php?rest_route=\/wp\/v2\/types\/post"}],"author":[{"embeddable":true,"href":"https:\/\/cofecon.org.br\/cofecon\/index.php?rest_route=\/wp\/v2\/users\/1"}],"replies":[{"embeddable":true,"href":"https:\/\/cofecon.org.br\/cofecon\/index.php?rest_route=%2Fwp%2Fv2%2Fcomments&post=20931"}],"version-history":[{"count":0,"href":"https:\/\/cofecon.org.br\/cofecon\/index.php?rest_route=\/wp\/v2\/posts\/20931\/revisions"}],"wp:featuredmedia":[{"embeddable":true,"href":"https:\/\/cofecon.org.br\/cofecon\/index.php?rest_route=\/wp\/v2\/media\/20933"}],"wp:attachment":[{"href":"https:\/\/cofecon.org.br\/cofecon\/index.php?rest_route=%2Fwp%2Fv2%2Fmedia&parent=20931"}],"wp:term":[{"taxonomy":"category","embeddable":true,"href":"https:\/\/cofecon.org.br\/cofecon\/index.php?rest_route=%2Fwp%2Fv2%2Fcategories&post=20931"},{"taxonomy":"post_tag","embeddable":true,"href":"https:\/\/cofecon.org.br\/cofecon\/index.php?rest_route=%2Fwp%2Fv2%2Ftags&post=20931"}],"curies":[{"name":"wp","href":"https:\/\/api.w.org\/{rel}","templated":true}]}}