{"id":20660,"date":"2023-06-30T17:41:54","date_gmt":"2023-06-30T20:41:54","guid":{"rendered":"https:\/\/www.cofecon.org.br\/?p=20660"},"modified":"2023-06-30T17:41:54","modified_gmt":"2023-06-30T20:41:54","slug":"aquino-nordeste-precisa-de-um-projeto-de-desenvolvimento-inclusivo","status":"publish","type":"post","link":"https:\/\/cofecon.org.br\/cofecon\/?p=20660","title":{"rendered":"Aquino: \u201cNordeste precisa de um projeto de desenvolvimento inclusivo\u201d"},"content":{"rendered":"\n<p><em>Na vis\u00e3o do conselheiro federal, ci\u00eancia e produtividade s\u00e3o importantes, mas n\u00e3o se pode descuidar da gera\u00e7\u00e3o de ocupa\u00e7\u00f5es n\u00e3o prec\u00e1rias<\/em><\/p>\n<p>O conselheiro federal Fernando de Aquino Fonseca Neto, coordenador da Comiss\u00e3o de Pol\u00edtica Econ\u00f4mica do Cofecon, participou na \u00faltima quarta-feira (28) da abertura do Semin\u00e1rio Nacional de Desenvolvimento Sustent\u00e1vel da Caatinga. O evento, realizado em Campina Grande, busca evidenciar os desafios e potenciais da regi\u00e3o, bem como mobilizar a sociedade civil para a necessidade de reconhecer o bioma como patrim\u00f4nio nacional.<\/p>\n<p>\u201cOs economistas querem participar do debate sobre o desenvolvimento regional, inclusive de todos os biomas e regi\u00f5es do Brasil. N\u00e3o queremos discutir somente taxa Selic ou corte de gastos p\u00fablicos\u201d, afirmou Aquino. \u201cQueremos participar de uma prioridade, que \u00e9 o desenvolvimento inclusivo e sustent\u00e1vel\u201d.<\/p>\n<p>O economista lembrou que a regi\u00e3o do semi\u00e1rido \u00e9 vista de forma negativa no restante do pa\u00eds, com pessoas migrando para S\u00e3o Paulo e Rio de Janeiro para n\u00e3o morrer de fome e que precisa de donativos para os flagelados da seca. \u201cO cen\u00e1rio mudou e precisamos fazer algo que nossa mestra T\u00e2nia Bacelar j\u00e1 fazia muito bem, que \u00e9 divulgar o Nordeste como uma terra de oportunidades. Temos muitas oportunidades de desenvolvimento aqui\u201d, argumentou Aquino.<\/p>\n<p>\u201cEste semin\u00e1rio tem foco na inova\u00e7\u00e3o, conhecimento, incorpora\u00e7\u00e3o, integra\u00e7\u00e3o de universidades e centros de pesquisa, e isso \u00e9 tudo de bom. Mas n\u00e3o podemos descuidar da gera\u00e7\u00e3o de ocupa\u00e7\u00f5es n\u00e3o prec\u00e1rias\u201d, alertou o conselheiro. \u201cJ\u00e1 evolu\u00edmos muito no Nordeste, mas ainda h\u00e1 muito a avan\u00e7ar. Se focarmos apenas em ci\u00eancia, tecnologia e produtividade corremos o risco de nos tornarmos uma regi\u00e3o como a \u00cdndia, com ilhas de excel\u00eancia e mis\u00e9ria por todos os lados. \u00c9 preciso uma abordagem integrada, um projeto de desenvolvimento e aumento da produtividade, mas que seja inclusivo e incorpore as pessoas que aqui vivem, para que consigamos distribuir qualidade de vida para todos\u201d.<\/p>\n<p>A fala do conselheiro pode ser assistida clicando <a href=\"https:\/\/www.youtube.com\/watch?v=s_w263v7Lco\"><strong><span style=\"text-decoration: underline;\">AQUI<\/span><\/strong><\/a>. O semin\u00e1rio, ao longo de tr\u00eas dias de programa\u00e7\u00e3o, abordou temas como pol\u00edticas p\u00fablicas, financiamento, mudan\u00e7as clim\u00e1ticas, geodiversidade, inova\u00e7\u00e3o e novas territorialidades, cultura, alternativas para o desenvolvimento, alimenta\u00e7\u00e3o e combate \u00e0 pobreza.<\/p>\n","protected":false},"excerpt":{"rendered":"","protected":false},"author":1,"featured_media":20661,"comment_status":"closed","ping_status":"closed","sticky":false,"template":"","format":"standard","meta":{"footnotes":""},"categories":[2],"tags":[],"class_list":["post-20660","post","type-post","status-publish","format-standard","has-post-thumbnail","hentry","category-noticias"],"_links":{"self":[{"href":"https:\/\/cofecon.org.br\/cofecon\/index.php?rest_route=\/wp\/v2\/posts\/20660"}],"collection":[{"href":"https:\/\/cofecon.org.br\/cofecon\/index.php?rest_route=\/wp\/v2\/posts"}],"about":[{"href":"https:\/\/cofecon.org.br\/cofecon\/index.php?rest_route=\/wp\/v2\/types\/post"}],"author":[{"embeddable":true,"href":"https:\/\/cofecon.org.br\/cofecon\/index.php?rest_route=\/wp\/v2\/users\/1"}],"replies":[{"embeddable":true,"href":"https:\/\/cofecon.org.br\/cofecon\/index.php?rest_route=%2Fwp%2Fv2%2Fcomments&post=20660"}],"version-history":[{"count":0,"href":"https:\/\/cofecon.org.br\/cofecon\/index.php?rest_route=\/wp\/v2\/posts\/20660\/revisions"}],"wp:featuredmedia":[{"embeddable":true,"href":"https:\/\/cofecon.org.br\/cofecon\/index.php?rest_route=\/wp\/v2\/media\/20661"}],"wp:attachment":[{"href":"https:\/\/cofecon.org.br\/cofecon\/index.php?rest_route=%2Fwp%2Fv2%2Fmedia&parent=20660"}],"wp:term":[{"taxonomy":"category","embeddable":true,"href":"https:\/\/cofecon.org.br\/cofecon\/index.php?rest_route=%2Fwp%2Fv2%2Fcategories&post=20660"},{"taxonomy":"post_tag","embeddable":true,"href":"https:\/\/cofecon.org.br\/cofecon\/index.php?rest_route=%2Fwp%2Fv2%2Ftags&post=20660"}],"curies":[{"name":"wp","href":"https:\/\/api.w.org\/{rel}","templated":true}]}}