{"id":20537,"date":"2023-06-13T18:39:30","date_gmt":"2023-06-13T21:39:30","guid":{"rendered":"https:\/\/www.cofecon.org.br\/?p=20537"},"modified":"2023-06-13T18:39:30","modified_gmt":"2023-06-13T21:39:30","slug":"xiii-encontro-dos-economistas-da-regiao-centro-oeste-acontece-em-goiania","status":"publish","type":"post","link":"https:\/\/cofecon.org.br\/cofecon\/?p=20537","title":{"rendered":"XIII Encontro dos economistas da regi\u00e3o Centro-Oeste acontece em Goi\u00e2nia"},"content":{"rendered":"<p><em>Inova\u00e7\u00e3o e Desenvolvimento Sustent\u00e1vel: Como a tecnologia e a criatividade podem impulsionar a economia \u00e9 o tema da Eneoeste 2023. O evento acontece, ap\u00f3s 5 anos sem realiza\u00e7\u00f5es, nos dias 6 e 7 de julho.<\/em><\/p>\n<p>J\u00falia Carmo<\/p>\n<p>A 13\u00aa edi\u00e7\u00e3o do Encontro dos Economistas da Regi\u00e3o Centro-Oeste (Eneoeste) ser\u00e1 sediado pelo Conselho Regional de Economia Economia de Goi\u00e1s, na Assembleia Legislativa de Goi\u00e1s (Alego). Al\u00e9m do Corecon-GO anfitri\u00e3o, participam os Conselhos de Mato Grosso, Mato Grosso do Sul e Distrito Federal. O objetivo do evento \u00e9 trazer ao conhecimento dos profissionais de economia e da sociedade em geral, como a inova\u00e7\u00e3o e a tecnologia podem ser utilizadas para promoverem o desenvolvimento econ\u00f4mico sustent\u00e1vel, ou seja, um crescimento econ\u00f4mico que leve em considera\u00e7\u00e3o a prote\u00e7\u00e3o ambiental, a justi\u00e7a social e o bem-estar das comunidades.<\/p>\n<p>A presidente do Corecon-GO, Kerssia Kamenach, destaca que o Eneoeste<em>\u00a0<\/em>ficou cerca de 5 anos sem nenhuma edi\u00e7\u00e3o. \u201cGoi\u00e1s retomou a realiza\u00e7\u00e3o do evento, que \u00e9 de suma import\u00e2ncia para incentivar n\u00e3o s\u00f3 os novos economistas, mas os que j\u00e1 est\u00e3o em carreira a entenderem quest\u00f5es da sustentabilidade para que possam contribuir com um equil\u00edbrio econ\u00f4mico e ambiental\u201d, afirma.<\/p>\n<p>A presidente destaca ainda que o evento pretende discutir dados reais das \u00e1reas do territ\u00f3rio nacional utilizados para a produ\u00e7\u00e3o, evolu\u00e7\u00e3o e viabilidade de amplia\u00e7\u00e3o. Al\u00e9m de tecnologias sustent\u00e1veis utilizadas pelo setor produtivo rural e da cont\u00ednua melhoria da sustentabilidade e da produtividade do setor agropecu\u00e1rio. Tudo isso, para assegurar aos pa\u00edses o fornecimento de alimentos e produtos sustent\u00e1veis e de qualidade.<\/p>\n<p><strong>Inscri\u00e7\u00f5es<\/strong><\/p>\n<p>No ato da inscri\u00e7\u00e3o, o candidato dever\u00e1 enviar um resumo e a apresenta\u00e7\u00e3o de um p\u00f4ster (o mesmo do resumo submetido) em PDF para o e-mail: 13eneoeste@gmail.com. Todos os resumos ser\u00e3o avaliados por um Comit\u00ea Assessor e apenas os que obtiverem a carta de aceite\u00a0<em>online<\/em>\u00a0(que ser\u00e1 disponibilizada no M\u00f3dulo dos inscritos) ser\u00e3o programados para a apresenta\u00e7\u00e3o na Sess\u00e3o de P\u00f4steres.<\/p>\n<p>Inscreva-se pelo link:<a href=\"https:\/\/docs.google.com\/forms\/d\/1YIV6J6TUDH-6MQCNr4Bc8rV7TDGb8Tur-iSFj9OzjjE\/viewform?edit_requested=true\"><strong>\u00a0INSCRI\u00c7\u00c3O<\/strong><\/a><\/p>\n","protected":false},"excerpt":{"rendered":"<p>Inova\u00e7\u00e3o e Desenvolvimento Sustent\u00e1vel: Como a tecnologia e a criatividade podem impulsionar a economia \u00e9 o tema da Eneoeste 2023. O evento acontece, ap\u00f3s 5 anos sem realiza\u00e7\u00f5es, nos dias 6 e 7 de julho. J\u00falia Carmo A 13\u00aa edi\u00e7\u00e3o<\/p>\n<p><a class=\"more-link\" href=\"https:\/\/cofecon.org.br\/cofecon\/?p=20537\">Leia Mais<\/a><\/p>\n","protected":false},"author":1,"featured_media":20538,"comment_status":"closed","ping_status":"closed","sticky":false,"template":"","format":"standard","meta":{"footnotes":""},"categories":[1],"tags":[],"class_list":["post-20537","post","type-post","status-publish","format-standard","has-post-thumbnail","hentry","category-sem-categoria"],"_links":{"self":[{"href":"https:\/\/cofecon.org.br\/cofecon\/index.php?rest_route=\/wp\/v2\/posts\/20537"}],"collection":[{"href":"https:\/\/cofecon.org.br\/cofecon\/index.php?rest_route=\/wp\/v2\/posts"}],"about":[{"href":"https:\/\/cofecon.org.br\/cofecon\/index.php?rest_route=\/wp\/v2\/types\/post"}],"author":[{"embeddable":true,"href":"https:\/\/cofecon.org.br\/cofecon\/index.php?rest_route=\/wp\/v2\/users\/1"}],"replies":[{"embeddable":true,"href":"https:\/\/cofecon.org.br\/cofecon\/index.php?rest_route=%2Fwp%2Fv2%2Fcomments&post=20537"}],"version-history":[{"count":0,"href":"https:\/\/cofecon.org.br\/cofecon\/index.php?rest_route=\/wp\/v2\/posts\/20537\/revisions"}],"wp:featuredmedia":[{"embeddable":true,"href":"https:\/\/cofecon.org.br\/cofecon\/index.php?rest_route=\/wp\/v2\/media\/20538"}],"wp:attachment":[{"href":"https:\/\/cofecon.org.br\/cofecon\/index.php?rest_route=%2Fwp%2Fv2%2Fmedia&parent=20537"}],"wp:term":[{"taxonomy":"category","embeddable":true,"href":"https:\/\/cofecon.org.br\/cofecon\/index.php?rest_route=%2Fwp%2Fv2%2Fcategories&post=20537"},{"taxonomy":"post_tag","embeddable":true,"href":"https:\/\/cofecon.org.br\/cofecon\/index.php?rest_route=%2Fwp%2Fv2%2Ftags&post=20537"}],"curies":[{"name":"wp","href":"https:\/\/api.w.org\/{rel}","templated":true}]}}