{"id":20467,"date":"2023-05-30T15:45:57","date_gmt":"2023-05-30T18:45:57","guid":{"rendered":"https:\/\/www.cofecon.org.br\/?p=20467"},"modified":"2023-05-30T15:45:57","modified_gmt":"2023-05-30T18:45:57","slug":"governo-federal-anuncia-reducao-de-impostos-dos-carros-populares-em-ate-1096","status":"publish","type":"post","link":"https:\/\/cofecon.org.br\/cofecon\/?p=20467","title":{"rendered":"Governo federal anuncia redu\u00e7\u00e3o de impostos dos carros populares em at\u00e9 10,96%"},"content":{"rendered":"\n<p><i><span data-contrast=\"auto\">Medida foi comentada pelo conselheiro federal J\u00falio Miragaya em entrevista \u00e0 RecordTV Bras\u00edlia<\/span><\/i><span data-ccp-props=\"{&quot;134233117&quot;:false,&quot;134233118&quot;:false,&quot;201341983&quot;:0,&quot;335551550&quot;:2,&quot;335551620&quot;:2,&quot;335559738&quot;:0,&quot;335559739&quot;:160,&quot;335559740&quot;:257}\">\u00a0<\/span><\/p>\n<p><span data-contrast=\"auto\">O governo federal anunciou a \u00faltima quinta-feira (25) um pacote de medidas com o objetivo de reduzir o pre\u00e7o final dos carros para os consumidores. Os descontos, que incidir\u00e3o sobre o valor dos ve\u00edculos, ir\u00e3o de 1,5% a 10,96%, de acordo com crit\u00e9rios de pre\u00e7o, efici\u00eancia energ\u00e9tica e densidade industrial no pa\u00eds. A medida vale para carros de at\u00e9 R$ 120 mil.\u00a0<\/span><span data-ccp-props=\"{&quot;134233117&quot;:false,&quot;134233118&quot;:false,&quot;201341983&quot;:0,&quot;335551550&quot;:6,&quot;335551620&quot;:6,&quot;335559738&quot;:0,&quot;335559739&quot;:160,&quot;335559740&quot;:257}\">\u00a0<\/span><\/p>\n<p><span data-contrast=\"auto\">Para o conselheiro federal J\u00falio Miragaya a iniciativa \u00e9 boa, por\u00e9m, na pr\u00e1tica, as taxas de juros durante o financiamento devem ser reduzidas. \u201cSe n\u00e3o houver uma redu\u00e7\u00e3o das taxas de juros, essa pessoa n\u00e3o vai ter 59 mil para comprar o carro \u00e0 vista, ela vai precisar financiar uma parte. E a\u00ed se n\u00e3o tiver a redu\u00e7\u00e3o de taxa de juros, esses 59 mil v\u00e3o virar 90 mil\u201d, afirma.<\/span><span data-ccp-props=\"{&quot;134233117&quot;:false,&quot;134233118&quot;:false,&quot;201341983&quot;:0,&quot;335551550&quot;:6,&quot;335551620&quot;:6,&quot;335559738&quot;:0,&quot;335559739&quot;:160,&quot;335559740&quot;:257}\">\u00a0<\/span><\/p>\n<p><span data-contrast=\"auto\">O fator social vai levar em conta o pre\u00e7o do ve\u00edculo e quanto mais barato o carro, maior o desconto. Carros menos poluentes tamb\u00e9m ter\u00e3o descontos maiores. Pre\u00e7os especiais tamb\u00e9m para carros que utilizam pe\u00e7as produzidas no Brasil. Al\u00e9m disso, segundo Miragaya, os descontos podem voltar a aquecer o mercado de carros populares.\u00a0<\/span><span data-ccp-props=\"{&quot;134233117&quot;:false,&quot;134233118&quot;:false,&quot;201341983&quot;:0,&quot;335551550&quot;:6,&quot;335551620&quot;:6,&quot;335559738&quot;:0,&quot;335559739&quot;:160,&quot;335559740&quot;:257}\">\u00a0<\/span><\/p>\n<p><span data-contrast=\"auto\">Confira a mat\u00e9ria na \u00edntegra <\/span><a href=\"https:\/\/noticias.r7.com\/brasilia\/df-record\/videos\/assista-a-integra-do-df-record-desta-sexta-feira-26-26052023\"><span data-contrast=\"none\">aqui<\/span><\/a><span data-contrast=\"auto\">, a partir de 03:20.<\/span><span data-ccp-props=\"{&quot;134233117&quot;:false,&quot;134233118&quot;:false,&quot;201341983&quot;:0,&quot;335551550&quot;:6,&quot;335551620&quot;:6,&quot;335559738&quot;:0,&quot;335559739&quot;:160,&quot;335559740&quot;:257}\">\u00a0<\/span><\/p>\n","protected":false},"excerpt":{"rendered":"","protected":false},"author":1,"featured_media":20468,"comment_status":"closed","ping_status":"closed","sticky":false,"template":"","format":"standard","meta":{"footnotes":""},"categories":[2],"tags":[],"class_list":["post-20467","post","type-post","status-publish","format-standard","has-post-thumbnail","hentry","category-noticias"],"_links":{"self":[{"href":"https:\/\/cofecon.org.br\/cofecon\/index.php?rest_route=\/wp\/v2\/posts\/20467"}],"collection":[{"href":"https:\/\/cofecon.org.br\/cofecon\/index.php?rest_route=\/wp\/v2\/posts"}],"about":[{"href":"https:\/\/cofecon.org.br\/cofecon\/index.php?rest_route=\/wp\/v2\/types\/post"}],"author":[{"embeddable":true,"href":"https:\/\/cofecon.org.br\/cofecon\/index.php?rest_route=\/wp\/v2\/users\/1"}],"replies":[{"embeddable":true,"href":"https:\/\/cofecon.org.br\/cofecon\/index.php?rest_route=%2Fwp%2Fv2%2Fcomments&post=20467"}],"version-history":[{"count":0,"href":"https:\/\/cofecon.org.br\/cofecon\/index.php?rest_route=\/wp\/v2\/posts\/20467\/revisions"}],"wp:featuredmedia":[{"embeddable":true,"href":"https:\/\/cofecon.org.br\/cofecon\/index.php?rest_route=\/wp\/v2\/media\/20468"}],"wp:attachment":[{"href":"https:\/\/cofecon.org.br\/cofecon\/index.php?rest_route=%2Fwp%2Fv2%2Fmedia&parent=20467"}],"wp:term":[{"taxonomy":"category","embeddable":true,"href":"https:\/\/cofecon.org.br\/cofecon\/index.php?rest_route=%2Fwp%2Fv2%2Fcategories&post=20467"},{"taxonomy":"post_tag","embeddable":true,"href":"https:\/\/cofecon.org.br\/cofecon\/index.php?rest_route=%2Fwp%2Fv2%2Ftags&post=20467"}],"curies":[{"name":"wp","href":"https:\/\/api.w.org\/{rel}","templated":true}]}}