{"id":20460,"date":"2023-05-29T17:51:04","date_gmt":"2023-05-29T20:51:04","guid":{"rendered":"https:\/\/www.cofecon.org.br\/?p=20460"},"modified":"2023-05-29T17:51:04","modified_gmt":"2023-05-29T20:51:04","slug":"cofecon-recebe-visita-da-professora-portuguesa-margarida-mano","status":"publish","type":"post","link":"https:\/\/cofecon.org.br\/cofecon\/?p=20460","title":{"rendered":"Cofecon recebe visita da professora portuguesa Margarida Mano"},"content":{"rendered":"<p><em>Economista, ex-deputada e ex-ministra da educa\u00e7\u00e3o, a docente representou a Ordem dos Economistas de Portugal em reuni\u00e3o com conselheiros federais<\/em><\/p>\n<p>O Conselho Federal de Economia recebeu nesta sexta-feira (26) a visita da economista Margarida Mano, vogal da Ordem dos Economistas de Portugal. Ela foi recebida pelo presidente do Cofecon, Paulo Dantas da Costa, que esteve acompanhado dos conselheiros Antonio Corr\u00eaa de Lacerda, Carlos Alberto Safatle, Carlos Roberto de Castro, Jo\u00e3o Manoel Gon\u00e7alves Barbosa e M\u00f4nica Beraldo.<\/p>\n<p>A conversa entre os representantes dos economistas brasileiros e portugueses passou por assuntos como as prerrogativas profissionais (atividades pr\u00f3prias dos economistas), bem como quest\u00f5es referentes ao registro de mestres e doutores e de profissionais graduados em cursos conexos aos de Ci\u00eancias Econ\u00f4micas \u2013 como \u00e9 o caso de Finan\u00e7as, Rela\u00e7\u00f5es Internacionais e Com\u00e9rcio Exterior. Tamb\u00e9m foram apresentadas algumas das atividades do Cofecon que ressaltam o papel dos economistas para a sociedade, como o Pr\u00eamio Paul Singer de Boas Pr\u00e1ticas Acad\u00eamicas, a Gincana Nacional de Economia, o Pr\u00eamio Brasil de Economia, entre outros projetos.<\/p>\n<p>Durante o encontro, o presidente do Cofecon chamou aten\u00e7\u00e3o para atua\u00e7\u00e3o dos economistas brasileiros em diferentes frentes. \u201c\u00c9 dif\u00edcil haver um notici\u00e1rio sem que haja a participa\u00e7\u00e3o de um economista\u201d, afirmou. \u00a0E para exemplificar, Dantas ressaltou as atividades pr\u00f3prias da profiss\u00e3o, mencionando que no Brasil uma atividade muito importante \u00e9 a elabora\u00e7\u00e3o de projetos de viabilidade econ\u00f4mica. \u201cEntendemos que este \u00e9 um ato de economista\u201d, expressou o presidente. \u201cE entendemos que a elabora\u00e7\u00e3o de or\u00e7amento p\u00fablico tamb\u00e9m seja um ato de economista, embora ningu\u00e9m tenha estabelecido que seja\u201d.<\/p>\n<p>Dantas abordou tamb\u00e9m as quest\u00f5es referentes ao registro de profissionais de cursos conexos: \u201cO estudante de finan\u00e7as, uma vez conclu\u00eddo o curso, n\u00e3o tinha um local onde fazer seu registro. Aqui nos deparamos com a realidade deles. Vimos a grade curricular do curso, n\u00e3o s\u00f3 deles, como tamb\u00e9m de rela\u00e7\u00f5es internacionais. Fizemos a possibilidade do registro, preservadas as atividades que s\u00e3o privativas dos economistas, que est\u00e3o na lei. Eles s\u00e3o internacionalistas e financistas, n\u00e3o s\u00e3o economistas. Atividades conexas\u201d.<\/p>\n<p>O ex-presidente do Cofecon, Antonio Corr\u00eaa de Lacerda, apontou alguns eixos de trabalho conjunto entre a entidade brasileira e a portuguesa. Primeiro, o reconhecimento de que os economistas possam usufruir das mesmas prerrogativas dos nativos em ambos os pa\u00edses; depois, falou sobre a realiza\u00e7\u00e3o de um interc\u00e2mbio profissional, um f\u00f3rum Portugal-Brasil para debater quest\u00f5es profissionais e te\u00f3ricas; e por \u00faltimo trouxe a import\u00e2ncia do debate cultural entre os profissionais dos dois pa\u00edses.<\/p>\n<p><strong>Margarida Mano<\/strong><\/p>\n<p>Margarida Mano \u00e9 economista pela Universidade de Coimbra, com mestrado pela mesma institui\u00e7\u00e3o e doutorado em Gest\u00e3o pela Universidade de Southampton (Reino Unido). Em Coimbra foi pr\u00f3-reitora e vice-reitora. Foi eleita deputada em 2015 e, no mesmo ano, foi titular do Minist\u00e9rio da Educa\u00e7\u00e3o e Ci\u00eancia de Portugal. Atualmente ocupa o cargo de vogal na Ordem dos Economistas de Portugal.<\/p>\n<p>\u201cTive a possibilidade de seguir uma carreira acad\u00eamica, mas tamb\u00e9m com fun\u00e7\u00f5es no mercado de trabalho, e isso criou oportunidades de recentemente exercer fun\u00e7\u00f5es no servi\u00e7o p\u00fablico\u201d, conta a professora. \u201cTive a possibilidade de trabalhar como economista em \u00e1reas como a de administra\u00e7\u00e3o p\u00fablica, com possibilidades em v\u00e1rios n\u00edveis\u201d.<\/p>\n<p>Para a professora, a vis\u00e3o de mundo \u00e9 fundamental na execu\u00e7\u00e3o das atividades do economista. \u201cIndependentemente dos lugares que ocupamos a quest\u00e3o central \u00e9 a do conhecimento, da consci\u00eancia, de acrescentar algo com a forma\u00e7\u00e3o que temos e com as pessoas que somos\u201d, expressou. \u201cHoje estamos numa sociedade diferente, onde a interdisciplinaridade \u00e9 um diferencial, a capacidade de formar economistas com outros saberes. Significa que a forma\u00e7\u00e3o tem que ser muito diversa. Temos tamb\u00e9m os desafios da sustentabilidade, os novos paradigmas da economia. Eu diria que s\u00e3o desafios de consolida\u00e7\u00e3o do que \u00e9 essencial na teoria econ\u00f4mica\u201d.<\/p>\n<p>Em rela\u00e7\u00e3o \u00e0 profiss\u00e3o de economista e aos entendimentos entre o Cofecon e a OEP, ela ressalta que no Brasil e em Portugal h\u00e1 enquadramentos diferentes. \u201cA reciprocidade \u00e9 um \u00f3timo princ\u00edpio, a primeira quest\u00e3o \u00e9 estabelecer quais s\u00e3o as nossas compet\u00eancias, do ponto de vista do enquadramento regulamentar\u201d, menciona. \u201cAs possibilidades de trabalho conjunto entre o Cofecon e a Ordem s\u00e3o muitas. Foram alcan\u00e7adas tr\u00eas inten\u00e7\u00f5es de trabalho que me parecem muito importantes, que s\u00e3o os eventos profissionais de economistas dos dois pa\u00edses, a possibilidade de se criar um f\u00f3rum para trabalhar mat\u00e9rias da profiss\u00e3o que sejam relevantes para ambos, e outra \u00e1rea que ainda me parece distante, que tem a ver com a quest\u00e3o da cultura dos economistas. Para nos aproximarmos, temos que nos conhecer melhor\u201d.<\/p>\n<p><strong>Visita \u00e0 Ordem dos Economistas de Portugal<\/strong><\/p>\n<p>Em setembro de 2022 o ent\u00e3o presidente do Cofecon, Antonio Corr\u00eaa de Lacerda, reuniu-se com o baston\u00e1rio da Ordem dos Economistas de Portugal, Ant\u00f3nio Mendon\u00e7a, para tratar de um protocolo de entendimentos visando interc\u00e2mbio de temas profissionais, acad\u00eamicos e culturais de interesse dos dois pa\u00edses.<\/p>\n<p>Sob o ponto de vista profissional, busca-se um entendimento para que o Cofecon e a OEP venham a estabelecer condi\u00e7\u00f5es para que economistas registrados em uma das institui\u00e7\u00f5es sejam admitidos na outra.<\/p>\n","protected":false},"excerpt":{"rendered":"<p>Economista, ex-deputada e ex-ministra da educa\u00e7\u00e3o, a docente representou a Ordem dos Economistas de Portugal em reuni\u00e3o com conselheiros federais O Conselho Federal de Economia recebeu nesta sexta-feira (26) a visita da economista Margarida Mano, vogal da Ordem dos Economistas<\/p>\n<p><a class=\"more-link\" href=\"https:\/\/cofecon.org.br\/cofecon\/?p=20460\">Leia Mais<\/a><\/p>\n","protected":false},"author":1,"featured_media":20461,"comment_status":"closed","ping_status":"closed","sticky":false,"template":"","format":"standard","meta":{"footnotes":""},"categories":[2],"tags":[],"class_list":["post-20460","post","type-post","status-publish","format-standard","has-post-thumbnail","hentry","category-noticias"],"_links":{"self":[{"href":"https:\/\/cofecon.org.br\/cofecon\/index.php?rest_route=\/wp\/v2\/posts\/20460"}],"collection":[{"href":"https:\/\/cofecon.org.br\/cofecon\/index.php?rest_route=\/wp\/v2\/posts"}],"about":[{"href":"https:\/\/cofecon.org.br\/cofecon\/index.php?rest_route=\/wp\/v2\/types\/post"}],"author":[{"embeddable":true,"href":"https:\/\/cofecon.org.br\/cofecon\/index.php?rest_route=\/wp\/v2\/users\/1"}],"replies":[{"embeddable":true,"href":"https:\/\/cofecon.org.br\/cofecon\/index.php?rest_route=%2Fwp%2Fv2%2Fcomments&post=20460"}],"version-history":[{"count":0,"href":"https:\/\/cofecon.org.br\/cofecon\/index.php?rest_route=\/wp\/v2\/posts\/20460\/revisions"}],"wp:featuredmedia":[{"embeddable":true,"href":"https:\/\/cofecon.org.br\/cofecon\/index.php?rest_route=\/wp\/v2\/media\/20461"}],"wp:attachment":[{"href":"https:\/\/cofecon.org.br\/cofecon\/index.php?rest_route=%2Fwp%2Fv2%2Fmedia&parent=20460"}],"wp:term":[{"taxonomy":"category","embeddable":true,"href":"https:\/\/cofecon.org.br\/cofecon\/index.php?rest_route=%2Fwp%2Fv2%2Fcategories&post=20460"},{"taxonomy":"post_tag","embeddable":true,"href":"https:\/\/cofecon.org.br\/cofecon\/index.php?rest_route=%2Fwp%2Fv2%2Ftags&post=20460"}],"curies":[{"name":"wp","href":"https:\/\/api.w.org\/{rel}","templated":true}]}}