{"id":20456,"date":"2023-05-29T10:43:41","date_gmt":"2023-05-29T13:43:41","guid":{"rendered":"https:\/\/www.cofecon.org.br\/?p=20456"},"modified":"2023-05-29T10:43:41","modified_gmt":"2023-05-29T13:43:41","slug":"a-economia-criativa","status":"publish","type":"post","link":"https:\/\/cofecon.org.br\/cofecon\/?p=20456","title":{"rendered":"A economia criativa"},"content":{"rendered":"<p><em><strong>Artigo de opini\u00e3o por Lauro Chaves Neto* publicado originalmente no <a href=\"https:\/\/mais.opovo.com.br\/jornal\/opiniao\/2023\/05\/29\/lauro-chaves-neto-a-economia-criativa.html\">jornal O Povo.<\/a><\/strong><\/em><\/p>\n<p>A complementariedade da economia e da criatividade, com pesquisas, aplica\u00e7\u00f5es e, sobretudo, com a sua apropria\u00e7\u00e3o pela sociedade, deu origem ao que hoje conhecemos como economia criativa.<\/p>\n<p>\u00c9 relevante lembrar que existe uma confus\u00e3o terminol\u00f3gica, n\u00e3o s\u00f3 com as suas conceitua\u00e7\u00f5es como tamb\u00e9m com as suas aplica\u00e7\u00f5es, de termos como economia criativa, cidades criativas, cidades inteligentes, ind\u00fastrias criativas e economia da cultura.<\/p>\n<p>Se a cultura \u00e9 tudo que pode ser aprendido e partilhado por pessoas ou grupos com uma identidade, a economia estuda os processos de gera\u00e7\u00e3o, acumula\u00e7\u00e3o, consumo e distribui\u00e7\u00e3o. A cultura gera renda, direta e indireta, contribui para o desenvolvimento sustent\u00e1vel de um territ\u00f3rio, gerando impactos tang\u00edveis e intang\u00edveis.<\/p>\n<p>A bibliografia ensina que a cultura da economia aborda a influ\u00eancia dos h\u00e1bitos e dos valores culturais de uma sociedade nas suas rela\u00e7\u00f5es econ\u00f4micas. Assim, a cultura tanto pode alavancar como criar resist\u00eancias para um \u201cmodelo de desenvolvimento\u201d. J\u00e1 a economia da cultura aborda a utiliza\u00e7\u00e3o da l\u00f3gica econ\u00f4mica na cultura, desde o planejamento, cria\u00e7\u00e3o, distribui\u00e7\u00e3o e apropria\u00e7\u00e3o dos resultados.<\/p>\n<p>Nesse ponto, vale salientar que a l\u00f3gica econ\u00f4mica n\u00e3o \u00e9 normativa, ela est\u00e1 dispon\u00edvel para ser utilizada pelos agentes em suas pol\u00edticas p\u00fablicas e privadas independente de julgamento de valor, etapa fundamental no processo de valida\u00e7\u00e3o de cada um dos projetos.<\/p>\n<p>A defini\u00e7\u00e3o da UNESCO \u00e9 que a economia da cultura engloba as atividades relacionadas \u201c\u00e0 cria\u00e7\u00e3o, produ\u00e7\u00e3o e comercializa\u00e7\u00e3o de conte\u00fados que s\u00e3o intang\u00edveis e culturais em sua natureza e que s\u00e3o protegidos pelo direito autoral, podendo tomar a forma de bens e servi\u00e7os. S\u00e3o intensivos em trabalho e conhecimento, estimulam a criatividade e incentivam a inova\u00e7\u00e3o dos processos de produ\u00e7\u00e3o e comercializa\u00e7\u00e3o\u201d.<\/p>\n<p>O crescente desenvolvimento da intelig\u00eancia artificial em todos os aspectos da vida pessoal, dos territ\u00f3rios e das organiza\u00e7\u00f5es, far\u00e1 com que a economia criativa cada vez mais seja valorizada como um elemento fundamental para a humaniza\u00e7\u00e3o e sustentabilidade do desenvolvimento.<\/p>\n<p><em><strong>*Conselheiro federal, Presidente da Academia Cearense de Economia, Professor da UECE e PHD em Planejamento Territorial e Desenvolvimento Regional<\/strong><\/em><\/p>\n","protected":false},"excerpt":{"rendered":"<p>Artigo de opini\u00e3o por Lauro Chaves Neto* publicado originalmente no jornal O Povo. A complementariedade da economia e da criatividade, com pesquisas, aplica\u00e7\u00f5es e, sobretudo, com a sua apropria\u00e7\u00e3o pela sociedade, deu origem ao que hoje conhecemos como economia criativa.<\/p>\n<p><a class=\"more-link\" href=\"https:\/\/cofecon.org.br\/cofecon\/?p=20456\">Leia Mais<\/a><\/p>\n","protected":false},"author":1,"featured_media":20457,"comment_status":"closed","ping_status":"closed","sticky":false,"template":"","format":"standard","meta":{"footnotes":""},"categories":[2],"tags":[],"class_list":["post-20456","post","type-post","status-publish","format-standard","has-post-thumbnail","hentry","category-noticias"],"_links":{"self":[{"href":"https:\/\/cofecon.org.br\/cofecon\/index.php?rest_route=\/wp\/v2\/posts\/20456"}],"collection":[{"href":"https:\/\/cofecon.org.br\/cofecon\/index.php?rest_route=\/wp\/v2\/posts"}],"about":[{"href":"https:\/\/cofecon.org.br\/cofecon\/index.php?rest_route=\/wp\/v2\/types\/post"}],"author":[{"embeddable":true,"href":"https:\/\/cofecon.org.br\/cofecon\/index.php?rest_route=\/wp\/v2\/users\/1"}],"replies":[{"embeddable":true,"href":"https:\/\/cofecon.org.br\/cofecon\/index.php?rest_route=%2Fwp%2Fv2%2Fcomments&post=20456"}],"version-history":[{"count":0,"href":"https:\/\/cofecon.org.br\/cofecon\/index.php?rest_route=\/wp\/v2\/posts\/20456\/revisions"}],"wp:featuredmedia":[{"embeddable":true,"href":"https:\/\/cofecon.org.br\/cofecon\/index.php?rest_route=\/wp\/v2\/media\/20457"}],"wp:attachment":[{"href":"https:\/\/cofecon.org.br\/cofecon\/index.php?rest_route=%2Fwp%2Fv2%2Fmedia&parent=20456"}],"wp:term":[{"taxonomy":"category","embeddable":true,"href":"https:\/\/cofecon.org.br\/cofecon\/index.php?rest_route=%2Fwp%2Fv2%2Fcategories&post=20456"},{"taxonomy":"post_tag","embeddable":true,"href":"https:\/\/cofecon.org.br\/cofecon\/index.php?rest_route=%2Fwp%2Fv2%2Ftags&post=20456"}],"curies":[{"name":"wp","href":"https:\/\/api.w.org\/{rel}","templated":true}]}}