{"id":20450,"date":"2023-05-26T14:12:03","date_gmt":"2023-05-26T17:12:03","guid":{"rendered":"https:\/\/www.cofecon.org.br\/?p=20450"},"modified":"2023-05-26T14:12:03","modified_gmt":"2023-05-26T17:12:03","slug":"podcast-economistas-politicas-de-desenvolvimento-para-o-nordeste","status":"publish","type":"post","link":"https:\/\/cofecon.org.br\/cofecon\/?p=20450","title":{"rendered":"Podcast Economistas: Pol\u00edticas de Desenvolvimento para o Nordeste"},"content":{"rendered":"<p>Em 1940 os nove estados nordestinos estavam nas \u00faltimas 10 posi\u00e7\u00f5es do ranking brasileiro de PIB per capita. A partir das an\u00e1lises de Celso Furtado e da cria\u00e7\u00e3o da Sudene em 1959, muito j\u00e1 foi feito em termos de pol\u00edticas de desenvolvimento para a regi\u00e3o &#8211; e, embora os nove estados ocupem as \u00faltimas 11 posi\u00e7\u00f5es, a diferen\u00e7a entre a unidade da federa\u00e7\u00e3o mais rica e a mais pobre diminuiu de 10 para 6,6 vezes.<\/p>\n<p>O que tem limitado os resultados neste per\u00edodo? E como as pol\u00edticas sociais, em especial a educa\u00e7\u00e3o, podem ajudar a mudar este quadro? Que papel a transi\u00e7\u00e3o energ\u00e9tica ocupa neste cen\u00e1rio? Quem nos responde \u00e9 o economista Aristides Monteiro, diretor de estudos e pol\u00edticas regionais, urbanas e ambientais do IPEA.<\/p>\n<p>Ou\u00e7a o epis\u00f3dio no seu agregador de podcast favorito ou no player abaixo:<\/p>\n<p><iframe loading=\"lazy\" src=\"https:\/\/podcasters.spotify.com\/pod\/show\/economistas-cofecon\/embed\/episodes\/86---Polticas-de-Desenvolvimento-para-o-Nordeste-e24nv2u\" width=\"800px\" height=\"204px\" frameborder=\"0\" scrolling=\"no\"><\/iframe><\/p>\n","protected":false},"excerpt":{"rendered":"<p>Em 1940 os nove estados nordestinos estavam nas \u00faltimas 10 posi\u00e7\u00f5es do ranking brasileiro de PIB per capita. A partir das an\u00e1lises de Celso Furtado e da cria\u00e7\u00e3o da Sudene em 1959, muito j\u00e1 foi feito em termos de pol\u00edticas<\/p>\n<p><a class=\"more-link\" href=\"https:\/\/cofecon.org.br\/cofecon\/?p=20450\">Leia Mais<\/a><\/p>\n","protected":false},"author":1,"featured_media":20451,"comment_status":"closed","ping_status":"closed","sticky":false,"template":"","format":"standard","meta":{"footnotes":""},"categories":[2],"tags":[],"class_list":["post-20450","post","type-post","status-publish","format-standard","has-post-thumbnail","hentry","category-noticias"],"_links":{"self":[{"href":"https:\/\/cofecon.org.br\/cofecon\/index.php?rest_route=\/wp\/v2\/posts\/20450"}],"collection":[{"href":"https:\/\/cofecon.org.br\/cofecon\/index.php?rest_route=\/wp\/v2\/posts"}],"about":[{"href":"https:\/\/cofecon.org.br\/cofecon\/index.php?rest_route=\/wp\/v2\/types\/post"}],"author":[{"embeddable":true,"href":"https:\/\/cofecon.org.br\/cofecon\/index.php?rest_route=\/wp\/v2\/users\/1"}],"replies":[{"embeddable":true,"href":"https:\/\/cofecon.org.br\/cofecon\/index.php?rest_route=%2Fwp%2Fv2%2Fcomments&post=20450"}],"version-history":[{"count":0,"href":"https:\/\/cofecon.org.br\/cofecon\/index.php?rest_route=\/wp\/v2\/posts\/20450\/revisions"}],"wp:featuredmedia":[{"embeddable":true,"href":"https:\/\/cofecon.org.br\/cofecon\/index.php?rest_route=\/wp\/v2\/media\/20451"}],"wp:attachment":[{"href":"https:\/\/cofecon.org.br\/cofecon\/index.php?rest_route=%2Fwp%2Fv2%2Fmedia&parent=20450"}],"wp:term":[{"taxonomy":"category","embeddable":true,"href":"https:\/\/cofecon.org.br\/cofecon\/index.php?rest_route=%2Fwp%2Fv2%2Fcategories&post=20450"},{"taxonomy":"post_tag","embeddable":true,"href":"https:\/\/cofecon.org.br\/cofecon\/index.php?rest_route=%2Fwp%2Fv2%2Ftags&post=20450"}],"curies":[{"name":"wp","href":"https:\/\/api.w.org\/{rel}","templated":true}]}}