{"id":20403,"date":"2023-05-12T17:37:58","date_gmt":"2023-05-12T20:37:58","guid":{"rendered":"https:\/\/www.cofecon.org.br\/?p=20403"},"modified":"2023-05-12T17:37:58","modified_gmt":"2023-05-12T20:37:58","slug":"economia-em-debate-politicas-de-desenvolvimento-para-o-nordeste","status":"publish","type":"post","link":"https:\/\/cofecon.org.br\/cofecon\/?p=20403","title":{"rendered":"Economia em Debate: pol\u00edticas de desenvolvimento para o Nordeste"},"content":{"rendered":"<p><em>Nordeste tem 9 dos 11 estados mais pobres do pa\u00eds. Economista Aristides Monteiro \u00e9 o convidado para debate na pr\u00f3xima sexta-feira (19), com transmiss\u00e3o pelo YouTube<\/em><\/p>\n<p>Quais s\u00e3o as pol\u00edticas de desenvolvimento necess\u00e1rias para efetivamente desenvolver a regi\u00e3o Nordeste? No dia 19 de maio o Conselho Federal de Economia realizar\u00e1, \u00e0s 17 horas, mais uma edi\u00e7\u00e3o do Economia em Debate. O palestrante convidado ser\u00e1 o economista Aristides Monteiro, diretor de estudos e pol\u00edticas regionais, urbanas e ambientais do IPEA. A media\u00e7\u00e3o ser\u00e1 do economista Fernando de Aquino, coordenador da Comiss\u00e3o de Pol\u00edtica Econ\u00f4mica do Cofecon, e haver\u00e1 transmiss\u00e3o pelo canal do Cofecon no YouTube (<a href=\"https:\/\/www.youtube.com\/watch?v=WupAVTY_BwU\">AQUI<\/a>).<\/p>\n<p>A economia brasileira teve in\u00edcio da regi\u00e3o Nordeste, uma vez que l\u00e1 se iniciaram as atividades em torno do pau-brasil e da cana-de-a\u00e7\u00facar. Salvador foi a primeira capital brasileira e o Nordeste foi a regi\u00e3o mais rica at\u00e9 meados do S\u00e9culo XVIII. Mas, centenas de anos depois, a regi\u00e3o \u00e9 a terceira do Brasil em termos de PIB, a quarta em PIB per capita e a menos industrializada do pa\u00eds em propor\u00e7\u00e3o por habitantes (13% da ind\u00fastria e 27,6% da popula\u00e7\u00e3o).<\/p>\n<p>Problemas estruturais como a pobreza e a concentra\u00e7\u00e3o de renda, al\u00e9m de uma economia pouco diversificada, levaram \u00e0 cria\u00e7\u00e3o de pol\u00edticas de desenvolvimento e da Superintend\u00eancia de Desenvolvimento do Nordeste. A obra \u201cUma pol\u00edtica de Desenvolvimento Econ\u00f4mico para o Nordeste\u201d, publicada pela Sudene, em sua segunda edi\u00e7\u00e3o (1967) trazia o seguinte diagn\u00f3stico: \u201cSem preju\u00edzo de um esfor\u00e7o sistem\u00e1tico no sentido de ampliar as linhas de exporta\u00e7\u00e3o do Nordeste, a an\u00e1lise da presente situa\u00e7\u00e3o econ\u00f4mica dessa regi\u00e3o indica, nitidamente, que seu atraso s\u00f3 poder\u00e1 ser superado mediante uma pol\u00edtica de industrializa\u00e7\u00e3o\u201d.<\/p>\n<p>Nas \u00faltimas d\u00e9cadas o turismo apresentou grande crescimento e v\u00e1rias cidades est\u00e3o investindo em polos tecnol\u00f3gicos \u2013 como \u00e9 o caso do Porto Digital, em Recife. Os estados de Pernambuco, Cear\u00e1 e Bahia disp\u00f5em de polos industriais importantes e a transi\u00e7\u00e3o energ\u00e9tica representa uma oportunidade para a regi\u00e3o, tanto pela produ\u00e7\u00e3o e\u00f3lica (Rio Grande do Norte, Bahia e Cear\u00e1 est\u00e3o entre os maiores produtores nacionais) quanto pela fotovoltaica (n\u00e3o s\u00f3 pelos altos \u00edndices de radia\u00e7\u00e3o solar, como tamb\u00e9m pela presen\u00e7a do sil\u00edcio).<\/p>\n<p>Apesar dos avan\u00e7os, o Nordeste continua abrigando os estados com menor PIB per capita do Brasil. Em 1939, os nove estados da regi\u00e3o ocupavam, junto ao Amazonas, as dez posi\u00e7\u00f5es de baixo da tabela neste indicador. Oito d\u00e9cadas e v\u00e1rias pol\u00edticas de desenvolvimento depois, os estados do Nordeste ainda est\u00e3o nas 11 posi\u00e7\u00f5es de baixo na tabela de PIB per capita, junto ao Amap\u00e1 e Acre. Pelo menos a disparidade diminuiu: em 1939, a diferen\u00e7a entre o estado mais rico (Rio de Janeiro) e o mais pobre (Bahia) era de 10 vezes; em 2020, 6,6 vezes (R$ 90 mil no Distrito Federal contra R$ 13,75 mil no Maranh\u00e3o).<\/p>\n<p>H\u00e1 quatro anos os governadores da regi\u00e3o criaram o Cons\u00f3rcio Interestadual de Desenvolvimento sustent\u00e1vel do Nordeste, com o prop\u00f3sito de promover o desenvolvimento integrado, a realiza\u00e7\u00e3o conjunta de compras p\u00fablicas e a implementa\u00e7\u00e3o de pol\u00edticas conjuntas. Mas quais s\u00e3o as pol\u00edticas necess\u00e1rias para trazer o desenvolvimento econ\u00f4mico para a regi\u00e3o? Para debater o assunto, o Cofecon convidou o economista Aristides Monteiro, mestre em Economia pela UFPE e doutor em Economia Aplicada pela Unicamp. Ele \u00e9 especialista em desenvolvimento econ\u00f4mico, economia regional e pol\u00edticas p\u00fablicas e atuou no per\u00edodo de 2007 a 2009 como secret\u00e1rio de Ci\u00eancias, Tecnologia e Meio Ambiente do estado de Pernambuco.<\/p>\n","protected":false},"excerpt":{"rendered":"<p>Nordeste tem 9 dos 11 estados mais pobres do pa\u00eds. Economista Aristides Monteiro \u00e9 o convidado para debate na pr\u00f3xima sexta-feira (19), com transmiss\u00e3o pelo YouTube Quais s\u00e3o as pol\u00edticas de desenvolvimento necess\u00e1rias para efetivamente desenvolver a regi\u00e3o Nordeste? No<\/p>\n<p><a class=\"more-link\" href=\"https:\/\/cofecon.org.br\/cofecon\/?p=20403\">Leia Mais<\/a><\/p>\n","protected":false},"author":1,"featured_media":20406,"comment_status":"closed","ping_status":"closed","sticky":false,"template":"","format":"standard","meta":{"footnotes":""},"categories":[2],"tags":[],"class_list":["post-20403","post","type-post","status-publish","format-standard","has-post-thumbnail","hentry","category-noticias"],"_links":{"self":[{"href":"https:\/\/cofecon.org.br\/cofecon\/index.php?rest_route=\/wp\/v2\/posts\/20403"}],"collection":[{"href":"https:\/\/cofecon.org.br\/cofecon\/index.php?rest_route=\/wp\/v2\/posts"}],"about":[{"href":"https:\/\/cofecon.org.br\/cofecon\/index.php?rest_route=\/wp\/v2\/types\/post"}],"author":[{"embeddable":true,"href":"https:\/\/cofecon.org.br\/cofecon\/index.php?rest_route=\/wp\/v2\/users\/1"}],"replies":[{"embeddable":true,"href":"https:\/\/cofecon.org.br\/cofecon\/index.php?rest_route=%2Fwp%2Fv2%2Fcomments&post=20403"}],"version-history":[{"count":0,"href":"https:\/\/cofecon.org.br\/cofecon\/index.php?rest_route=\/wp\/v2\/posts\/20403\/revisions"}],"wp:featuredmedia":[{"embeddable":true,"href":"https:\/\/cofecon.org.br\/cofecon\/index.php?rest_route=\/wp\/v2\/media\/20406"}],"wp:attachment":[{"href":"https:\/\/cofecon.org.br\/cofecon\/index.php?rest_route=%2Fwp%2Fv2%2Fmedia&parent=20403"}],"wp:term":[{"taxonomy":"category","embeddable":true,"href":"https:\/\/cofecon.org.br\/cofecon\/index.php?rest_route=%2Fwp%2Fv2%2Fcategories&post=20403"},{"taxonomy":"post_tag","embeddable":true,"href":"https:\/\/cofecon.org.br\/cofecon\/index.php?rest_route=%2Fwp%2Fv2%2Ftags&post=20403"}],"curies":[{"name":"wp","href":"https:\/\/api.w.org\/{rel}","templated":true}]}}