{"id":20400,"date":"2023-05-12T16:30:23","date_gmt":"2023-05-12T19:30:23","guid":{"rendered":"https:\/\/www.cofecon.org.br\/?p=20400"},"modified":"2023-05-12T16:30:23","modified_gmt":"2023-05-12T19:30:23","slug":"podcast-economistas-naf-taxa-de-juros-e-limites-da-divida-publica","status":"publish","type":"post","link":"https:\/\/cofecon.org.br\/cofecon\/?p=20400","title":{"rendered":"Podcast Economistas: NAF: taxa de juros e limites da d\u00edvida p\u00fablica"},"content":{"rendered":"<p>No terceiro epis\u00f3dio sobre o novo arcabou\u00e7o fiscal, os economistas Daniel Negreiros, J\u00falia Braga, Fernando de Aquino e Guilherme Mello discutem como o conjunto de regras pode afetar a taxa b\u00e1sica de juros. Ser\u00e1 que h\u00e1 limite para a d\u00edvida p\u00fablica? \u00c9 preciso primeiro equilibrar o or\u00e7amento p\u00fablico para depois reduzir a taxa de juros? E de que forma o governo pretende recuperar os investimentos?<\/p>\n<p>Clique <a href=\"https:\/\/www.cofecon.org.br\/2023\/04\/26\/carta-de-brasilia-por-uma-politica-fiscal-para-o-desenvolvimento-justica-social-e-responsabilidade-ambiental\/\">AQUI<\/a> para Carta de Bras\u00edlia: Por uma pol\u00edtica fiscal para o desenvolvimento, justi\u00e7a social e responsabilidade ambiental.<\/p>\n<p>O Economistas pode ser ouvido nas plataformas Anchor, Breaker, Deezer, Google Podcasts, Apple Podcasts, Overcast, Castbox, Pocket Casts, RadioPublic e Spotify ou pelo player abaixo:<\/p>\n<p><iframe loading=\"lazy\" src=\"https:\/\/podcasters.spotify.com\/pod\/show\/economistas-cofecon\/embed\/episodes\/NAF-taxa-de-juros-e-limites-da-dvida-pblica-e23va8l\" width=\"800px\" height=\"204px\" frameborder=\"0\" scrolling=\"no\"><\/iframe><\/p>\n","protected":false},"excerpt":{"rendered":"<p>No terceiro epis\u00f3dio sobre o novo arcabou\u00e7o fiscal, os economistas Daniel Negreiros, J\u00falia Braga, Fernando de Aquino e Guilherme Mello discutem como o conjunto de regras pode afetar a taxa b\u00e1sica de juros. Ser\u00e1 que h\u00e1 limite para a d\u00edvida<\/p>\n<p><a class=\"more-link\" href=\"https:\/\/cofecon.org.br\/cofecon\/?p=20400\">Leia Mais<\/a><\/p>\n","protected":false},"author":1,"featured_media":20401,"comment_status":"closed","ping_status":"closed","sticky":false,"template":"","format":"standard","meta":{"footnotes":""},"categories":[2],"tags":[],"class_list":["post-20400","post","type-post","status-publish","format-standard","has-post-thumbnail","hentry","category-noticias"],"_links":{"self":[{"href":"https:\/\/cofecon.org.br\/cofecon\/index.php?rest_route=\/wp\/v2\/posts\/20400"}],"collection":[{"href":"https:\/\/cofecon.org.br\/cofecon\/index.php?rest_route=\/wp\/v2\/posts"}],"about":[{"href":"https:\/\/cofecon.org.br\/cofecon\/index.php?rest_route=\/wp\/v2\/types\/post"}],"author":[{"embeddable":true,"href":"https:\/\/cofecon.org.br\/cofecon\/index.php?rest_route=\/wp\/v2\/users\/1"}],"replies":[{"embeddable":true,"href":"https:\/\/cofecon.org.br\/cofecon\/index.php?rest_route=%2Fwp%2Fv2%2Fcomments&post=20400"}],"version-history":[{"count":0,"href":"https:\/\/cofecon.org.br\/cofecon\/index.php?rest_route=\/wp\/v2\/posts\/20400\/revisions"}],"wp:featuredmedia":[{"embeddable":true,"href":"https:\/\/cofecon.org.br\/cofecon\/index.php?rest_route=\/wp\/v2\/media\/20401"}],"wp:attachment":[{"href":"https:\/\/cofecon.org.br\/cofecon\/index.php?rest_route=%2Fwp%2Fv2%2Fmedia&parent=20400"}],"wp:term":[{"taxonomy":"category","embeddable":true,"href":"https:\/\/cofecon.org.br\/cofecon\/index.php?rest_route=%2Fwp%2Fv2%2Fcategories&post=20400"},{"taxonomy":"post_tag","embeddable":true,"href":"https:\/\/cofecon.org.br\/cofecon\/index.php?rest_route=%2Fwp%2Fv2%2Ftags&post=20400"}],"curies":[{"name":"wp","href":"https:\/\/api.w.org\/{rel}","templated":true}]}}