{"id":20397,"date":"2023-05-12T16:00:44","date_gmt":"2023-05-12T19:00:44","guid":{"rendered":"https:\/\/www.cofecon.org.br\/?p=20397"},"modified":"2023-05-12T16:00:44","modified_gmt":"2023-05-12T19:00:44","slug":"abono-anual-para-segurados-do-inss-sera-antecipado","status":"publish","type":"post","link":"https:\/\/cofecon.org.br\/cofecon\/?p=20397","title":{"rendered":"Abono anual para segurados do INSS ser\u00e1 antecipado"},"content":{"rendered":"<p><em>Pagamentos, que normalmente s\u00e3o feitos na segunda metade do ano, come\u00e7am em 25 de maio e v\u00e3o at\u00e9 7 de julho. Presidente do Cofecon v\u00ea a medida como positiva<\/em><\/p>\n<p>O governo federal anunciou que vai antecipar o pagamento do abono anual \u2013 conhecido como o 13\u00ba dos aposentados e benefici\u00e1rios do INSS. O benef\u00edcio, que normalmente \u00e9 concedido durante o segundo semestre do ano, ter\u00e1 a primeira parcela paga entre os dias 25 de maio e 7 de junho e a segunda entre 26 de junho e 7 de julho. O presidente do Cofecon, Paulo Dantas da Costa, v\u00ea a medida como positiva.<\/p>\n<p>\u201cEsta \u00e9 uma not\u00edcia bem interessante do ponto de vista econ\u00f4mico, porque favorece as possibilidades de aumento do consumo com evidentes consequ\u00eancias no desempenho econ\u00f4mico, na medida em que essas pessoas com um dinheiro novo em m\u00e3os ter\u00e3o possibilidade de carrear estes recursos para o consumo\u201d, comentou Dantas.<\/p>\n<p>Para quem possui d\u00edvidas, a utiliza\u00e7\u00e3o deste dinheiro para quit\u00e1-las \u00e9 um bom caminho, na vis\u00e3o do presidente do Cofecon. \u201cOutra possibilidade que devemos considerar \u00e9 a que as pessoas passam a ter de resolver d\u00edvidas que est\u00e3o sob sua responsabilidade, especialmente as do cart\u00e3o de cr\u00e9dito e cheque especial, que t\u00eam custos muito elevados\u201d.<\/p>\n<p>O pagamento do abono anual ter\u00e1 um impacto total superior a 62 bilh\u00f5es de reais. O piso previdenci\u00e1rio \u2013 valor m\u00ednimo dos benef\u00edcios do INSS \u2013 passou a ser de R$ 1.320 a partir de maio, acompanhando o novo valor do sal\u00e1rio m\u00ednimo nacional. O aumento n\u00e3o afetou os valores de benef\u00edcios acima do sal\u00e1rio m\u00ednimo, que s\u00e3o reajustados pelo \u00cdndice Nacional de Pre\u00e7os ao Consumidor<\/p>\n","protected":false},"excerpt":{"rendered":"<p>Pagamentos, que normalmente s\u00e3o feitos na segunda metade do ano, come\u00e7am em 25 de maio e v\u00e3o at\u00e9 7 de julho. Presidente do Cofecon v\u00ea a medida como positiva O governo federal anunciou que vai antecipar o pagamento do abono<\/p>\n<p><a class=\"more-link\" href=\"https:\/\/cofecon.org.br\/cofecon\/?p=20397\">Leia Mais<\/a><\/p>\n","protected":false},"author":1,"featured_media":20398,"comment_status":"closed","ping_status":"closed","sticky":false,"template":"","format":"standard","meta":{"footnotes":""},"categories":[2],"tags":[],"class_list":["post-20397","post","type-post","status-publish","format-standard","has-post-thumbnail","hentry","category-noticias"],"_links":{"self":[{"href":"https:\/\/cofecon.org.br\/cofecon\/index.php?rest_route=\/wp\/v2\/posts\/20397"}],"collection":[{"href":"https:\/\/cofecon.org.br\/cofecon\/index.php?rest_route=\/wp\/v2\/posts"}],"about":[{"href":"https:\/\/cofecon.org.br\/cofecon\/index.php?rest_route=\/wp\/v2\/types\/post"}],"author":[{"embeddable":true,"href":"https:\/\/cofecon.org.br\/cofecon\/index.php?rest_route=\/wp\/v2\/users\/1"}],"replies":[{"embeddable":true,"href":"https:\/\/cofecon.org.br\/cofecon\/index.php?rest_route=%2Fwp%2Fv2%2Fcomments&post=20397"}],"version-history":[{"count":0,"href":"https:\/\/cofecon.org.br\/cofecon\/index.php?rest_route=\/wp\/v2\/posts\/20397\/revisions"}],"wp:featuredmedia":[{"embeddable":true,"href":"https:\/\/cofecon.org.br\/cofecon\/index.php?rest_route=\/wp\/v2\/media\/20398"}],"wp:attachment":[{"href":"https:\/\/cofecon.org.br\/cofecon\/index.php?rest_route=%2Fwp%2Fv2%2Fmedia&parent=20397"}],"wp:term":[{"taxonomy":"category","embeddable":true,"href":"https:\/\/cofecon.org.br\/cofecon\/index.php?rest_route=%2Fwp%2Fv2%2Fcategories&post=20397"},{"taxonomy":"post_tag","embeddable":true,"href":"https:\/\/cofecon.org.br\/cofecon\/index.php?rest_route=%2Fwp%2Fv2%2Ftags&post=20397"}],"curies":[{"name":"wp","href":"https:\/\/api.w.org\/{rel}","templated":true}]}}