{"id":19987,"date":"2023-03-01T12:40:06","date_gmt":"2023-03-01T15:40:06","guid":{"rendered":"https:\/\/www.cofecon.org.br\/?p=19987"},"modified":"2023-03-01T12:40:06","modified_gmt":"2023-03-01T15:40:06","slug":"indice-de-confianca-de-servicos-sofre-pequena-reducao","status":"publish","type":"post","link":"https:\/\/cofecon.org.br\/cofecon\/?p=19987","title":{"rendered":"\u00cdndice de Confian\u00e7a de Servi\u00e7os sofre pequena redu\u00e7\u00e3o"},"content":{"rendered":"<p>O \u00cdndice de Confian\u00e7a de Servi\u00e7os (ICS), do FGV IBRE, teve retra\u00e7\u00e3o com varia\u00e7\u00e3o 0,4 pontos em fevereiro, para 89,1 pontos, acumula uma trajet\u00f3ria de queda de confian\u00e7a.<\/p>\n<p>O resultado desse m\u00eas se mostra heterog\u00eaneo. Os indicadores que retratam a percep\u00e7\u00e3o com o momento presente, mantiveram a trajet\u00f3ria negativa, indicando demanda fraca no in\u00edcio do ano.<\/p>\n<p>Por outro lado, os indicadores sobre o futuro parecem reagir, mas ainda n\u00e3o s\u00e3o suficientes para reverter a tend\u00eancia negativa dos \u00faltimos meses. O horizonte ainda n\u00e3o \u00e9 muito animador, dado que desafios macroecon\u00f4micos devem permanecer e impactar negativamente o setor ao longo de 2023.<\/p>\n<p>Confira a nota econ\u00f4mica na \u00edntegra clicando <a href=\"http:\/\/cofecon.org.br\/cofecon\/wp-content\/uploads\/2023\/03\/Nota-Economica-ICS-Fevereiro-2023-V1.pdf\">AQUI.<\/a><\/p>\n","protected":false},"excerpt":{"rendered":"<p>O \u00cdndice de Confian\u00e7a de Servi\u00e7os (ICS), do FGV IBRE, teve retra\u00e7\u00e3o com varia\u00e7\u00e3o 0,4 pontos em fevereiro, para 89,1 pontos, acumula uma trajet\u00f3ria de queda de confian\u00e7a. O resultado desse m\u00eas se mostra heterog\u00eaneo. Os indicadores que retratam a<\/p>\n<p><a class=\"more-link\" href=\"https:\/\/cofecon.org.br\/cofecon\/?p=19987\">Leia Mais<\/a><\/p>\n","protected":false},"author":1,"featured_media":19989,"comment_status":"closed","ping_status":"closed","sticky":false,"template":"","format":"standard","meta":{"footnotes":""},"categories":[2],"tags":[],"class_list":["post-19987","post","type-post","status-publish","format-standard","has-post-thumbnail","hentry","category-noticias"],"_links":{"self":[{"href":"https:\/\/cofecon.org.br\/cofecon\/index.php?rest_route=\/wp\/v2\/posts\/19987"}],"collection":[{"href":"https:\/\/cofecon.org.br\/cofecon\/index.php?rest_route=\/wp\/v2\/posts"}],"about":[{"href":"https:\/\/cofecon.org.br\/cofecon\/index.php?rest_route=\/wp\/v2\/types\/post"}],"author":[{"embeddable":true,"href":"https:\/\/cofecon.org.br\/cofecon\/index.php?rest_route=\/wp\/v2\/users\/1"}],"replies":[{"embeddable":true,"href":"https:\/\/cofecon.org.br\/cofecon\/index.php?rest_route=%2Fwp%2Fv2%2Fcomments&post=19987"}],"version-history":[{"count":0,"href":"https:\/\/cofecon.org.br\/cofecon\/index.php?rest_route=\/wp\/v2\/posts\/19987\/revisions"}],"wp:featuredmedia":[{"embeddable":true,"href":"https:\/\/cofecon.org.br\/cofecon\/index.php?rest_route=\/wp\/v2\/media\/19989"}],"wp:attachment":[{"href":"https:\/\/cofecon.org.br\/cofecon\/index.php?rest_route=%2Fwp%2Fv2%2Fmedia&parent=19987"}],"wp:term":[{"taxonomy":"category","embeddable":true,"href":"https:\/\/cofecon.org.br\/cofecon\/index.php?rest_route=%2Fwp%2Fv2%2Fcategories&post=19987"},{"taxonomy":"post_tag","embeddable":true,"href":"https:\/\/cofecon.org.br\/cofecon\/index.php?rest_route=%2Fwp%2Fv2%2Ftags&post=19987"}],"curies":[{"name":"wp","href":"https:\/\/api.w.org\/{rel}","templated":true}]}}