{"id":19981,"date":"2023-02-28T17:59:58","date_gmt":"2023-02-28T20:59:58","guid":{"rendered":"https:\/\/www.cofecon.org.br\/?p=19981"},"modified":"2023-02-28T17:59:58","modified_gmt":"2023-02-28T20:59:58","slug":"fernando-de-aquino-fala-sobre-aumento-de-precos","status":"publish","type":"post","link":"https:\/\/cofecon.org.br\/cofecon\/?p=19981","title":{"rendered":"Fernando de Aquino fala sobre aumento de pre\u00e7os"},"content":{"rendered":"\n<p><em>Alta tem como causa a guerra na Ucr\u00e2nia<\/em><\/p>\n<p><span data-contrast=\"auto\">Na \u00faltima sexta-feira (24), o conselheiro federal Fernando de Aquino concedeu uma entrevista ao Jornal das 22 da Rede Internacional de Televis\u00e3o (RIT TV). A entrevista fez parte de uma reportagem sobre a guerra na Ucr\u00e2nia, que j\u00e1 se estende por um ano. A fala do conselheiro foi direcionada ao aumento dos pre\u00e7os dos combust\u00edveis e do petr\u00f3leo no mundo devido ao conflito.<\/span><span data-ccp-props=\"{&quot;201341983&quot;:0,&quot;335551550&quot;:6,&quot;335551620&quot;:6,&quot;335559739&quot;:160,&quot;335559740&quot;:259}\">&nbsp;<\/span><\/p>\n<p><span data-contrast=\"auto\">A guerra travada por R\u00fassia e Ucr\u00e2nia gerou infla\u00e7\u00e3o no mundo todo &#8211; que j\u00e1 tentava se recuperar da pandemia de COVID-19. Aquino relacionou a alta dos pre\u00e7os dos combust\u00edveis, fretes e produtos ao aumento direto do pre\u00e7o do petr\u00f3leo. Isso, para o especialista, influencia diretamente o valor dos combust\u00edveis, aumentando os pre\u00e7os dentro das cadeias de distribui\u00e7\u00e3o.&nbsp;<\/span><span data-ccp-props=\"{&quot;201341983&quot;:0,&quot;335551550&quot;:6,&quot;335551620&quot;:6,&quot;335559739&quot;:160,&quot;335559740&quot;:259}\">&nbsp;<\/span><\/p>\n<p><span data-contrast=\"auto\">\u201cO petr\u00f3leo atingiu US$ 100,00 o barril recentemente, coisa que n\u00e3o acontecia desde 2014, o que onera diretamente seus derivados e tamb\u00e9m os fretes e custos de transportes. Temos press\u00f5es de pre\u00e7o e dificuldade de abastecimento numa s\u00e9rie de itens em fun\u00e7\u00e3o dessa guerra\u201d, disse Fernando para a emissora.<\/span><span data-ccp-props=\"{&quot;201341983&quot;:0,&quot;335551550&quot;:6,&quot;335551620&quot;:6,&quot;335559739&quot;:160,&quot;335559740&quot;:259}\">&nbsp;<\/span><\/p>\n<p><span data-contrast=\"auto\">Para o Presidente ucraniano, o fim da guerra deve ocorrer ainda neste ano. Ele disse que est\u00e1 determinado a derrotar o esfor\u00e7o de guerra russo. Mas a opini\u00e3o de especialistas sobre pol\u00edtica internacional \u00e9 de que o conflito deve se alongar por mais tempo. Enquanto isso, pa\u00edses como o Brasil sentem as reverbera\u00e7\u00f5es econ\u00f4micas e pol\u00edticas do embate entre a R\u00fassia e a Organiza\u00e7\u00e3o do Tratado do Atl\u00e2ntico Norte (OTAN).<\/span><span data-ccp-props=\"{&quot;201341983&quot;:0,&quot;335551550&quot;:6,&quot;335551620&quot;:6,&quot;335559739&quot;:160,&quot;335559740&quot;:259}\">&nbsp;<\/span><\/p>\n","protected":false},"excerpt":{"rendered":"","protected":false},"author":1,"featured_media":19984,"comment_status":"closed","ping_status":"closed","sticky":false,"template":"","format":"standard","meta":{"footnotes":""},"categories":[3,2],"tags":[],"class_list":["post-19981","post","type-post","status-publish","format-standard","has-post-thumbnail","hentry","category-entrevista","category-noticias"],"_links":{"self":[{"href":"https:\/\/cofecon.org.br\/cofecon\/index.php?rest_route=\/wp\/v2\/posts\/19981"}],"collection":[{"href":"https:\/\/cofecon.org.br\/cofecon\/index.php?rest_route=\/wp\/v2\/posts"}],"about":[{"href":"https:\/\/cofecon.org.br\/cofecon\/index.php?rest_route=\/wp\/v2\/types\/post"}],"author":[{"embeddable":true,"href":"https:\/\/cofecon.org.br\/cofecon\/index.php?rest_route=\/wp\/v2\/users\/1"}],"replies":[{"embeddable":true,"href":"https:\/\/cofecon.org.br\/cofecon\/index.php?rest_route=%2Fwp%2Fv2%2Fcomments&post=19981"}],"version-history":[{"count":0,"href":"https:\/\/cofecon.org.br\/cofecon\/index.php?rest_route=\/wp\/v2\/posts\/19981\/revisions"}],"wp:featuredmedia":[{"embeddable":true,"href":"https:\/\/cofecon.org.br\/cofecon\/index.php?rest_route=\/wp\/v2\/media\/19984"}],"wp:attachment":[{"href":"https:\/\/cofecon.org.br\/cofecon\/index.php?rest_route=%2Fwp%2Fv2%2Fmedia&parent=19981"}],"wp:term":[{"taxonomy":"category","embeddable":true,"href":"https:\/\/cofecon.org.br\/cofecon\/index.php?rest_route=%2Fwp%2Fv2%2Fcategories&post=19981"},{"taxonomy":"post_tag","embeddable":true,"href":"https:\/\/cofecon.org.br\/cofecon\/index.php?rest_route=%2Fwp%2Fv2%2Ftags&post=19981"}],"curies":[{"name":"wp","href":"https:\/\/api.w.org\/{rel}","templated":true}]}}