{"id":19969,"date":"2023-02-24T15:32:24","date_gmt":"2023-02-24T18:32:24","guid":{"rendered":"https:\/\/www.cofecon.org.br\/?p=19969"},"modified":"2023-02-24T15:32:24","modified_gmt":"2023-02-24T18:32:24","slug":"conselheira-critica-ausencia-de-superintendente-na-suframa","status":"publish","type":"post","link":"https:\/\/cofecon.org.br\/cofecon\/?p=19969","title":{"rendered":"Conselheira critica aus\u00eancia de superintendente na Suframa"},"content":{"rendered":"<p><em>Aus\u00eancia de um superintendente e discuss\u00e3o sobre reforma tribut\u00e1ria instigam autoridades<\/em><\/p>\n<p>A aus\u00eancia de um superintendente na Superintend\u00eancia da Zona Franca de Manaus (Suframa) prejudica a autarquia num debate crucial para a regi\u00e3o, que \u00e9 a reforma tribut\u00e1ria. Esta fala da conselheira federal Denise Kassama, publicada originalmente no portal A Cr\u00edtica, foi repercutida no \u00faltimo s\u00e1bado (18) no site O Primeiro Portal, em mat\u00e9ria na qual o governador amazonense Wilson Lima avaliou como preocupante a aus\u00eancia de um titular na Superintend\u00eancia da Zona Franca de Manaus (Suframa).<\/p>\n<p>A fala de Kassama surgiu ap\u00f3s um m\u00eas da falta de uma nomea\u00e7\u00e3o para a autarquia. No dia 28 de dezembro o ent\u00e3o superintendente, o general Algacir Polsin, deixou o cargo e desde ent\u00e3o n\u00e3o houve nova nomea\u00e7\u00e3o. Com o desfalque a preocupa\u00e7\u00e3o de autoridades cresce. A Zona Franca pode ser largamente afetada pela nova reforma tribut\u00e1ria.<\/p>\n<p>No dia 27 de janeiro a conselheira federal afirmou ao portal A Cr\u00edtica que \u201cA Suframa deveria estar participando na frente de todas as discuss\u00f5es, j\u00e1 que a Zona Franca pode ser atingida com a reforma. Ent\u00e3o, nesse sentido, institucionalmente, faz falta um superintendente como participante nesse debate nacional\u201d, quando questionada numa reportagem sobre a aus\u00eancia de uma lideran\u00e7a na Superintend\u00eancia da Zona Franca de Manaus (Suframa) e o avan\u00e7o da discuss\u00e3o de uma nova reforma tribut\u00e1ria no Congresso.<\/p>\n<p>A Zona Franca de Manaus possui um regime tribut\u00e1rio diferenciado. Foi institu\u00edda pelo Decreto-Lei 288, de 28 de fevereiro de 1967, com o intuito de criar um centro industrial, comercial e agropecu\u00e1rio com condi\u00e7\u00f5es que permitam o seu desenvolvimento. O Polo Industrial de Manaus \u00e9 administrado pela Suframa e possui cerca de 600 ind\u00fastrias, com sua produ\u00e7\u00e3o voltada quase totalmente para o mercado brasileiro.<\/p>\n","protected":false},"excerpt":{"rendered":"<p>Aus\u00eancia de um superintendente e discuss\u00e3o sobre reforma tribut\u00e1ria instigam autoridades A aus\u00eancia de um superintendente na Superintend\u00eancia da Zona Franca de Manaus (Suframa) prejudica a autarquia num debate crucial para a regi\u00e3o, que \u00e9 a reforma tribut\u00e1ria. Esta fala<\/p>\n<p><a class=\"more-link\" href=\"https:\/\/cofecon.org.br\/cofecon\/?p=19969\">Leia Mais<\/a><\/p>\n","protected":false},"author":1,"featured_media":19970,"comment_status":"closed","ping_status":"closed","sticky":false,"template":"","format":"standard","meta":{"footnotes":""},"categories":[2],"tags":[],"class_list":["post-19969","post","type-post","status-publish","format-standard","has-post-thumbnail","hentry","category-noticias"],"_links":{"self":[{"href":"https:\/\/cofecon.org.br\/cofecon\/index.php?rest_route=\/wp\/v2\/posts\/19969"}],"collection":[{"href":"https:\/\/cofecon.org.br\/cofecon\/index.php?rest_route=\/wp\/v2\/posts"}],"about":[{"href":"https:\/\/cofecon.org.br\/cofecon\/index.php?rest_route=\/wp\/v2\/types\/post"}],"author":[{"embeddable":true,"href":"https:\/\/cofecon.org.br\/cofecon\/index.php?rest_route=\/wp\/v2\/users\/1"}],"replies":[{"embeddable":true,"href":"https:\/\/cofecon.org.br\/cofecon\/index.php?rest_route=%2Fwp%2Fv2%2Fcomments&post=19969"}],"version-history":[{"count":0,"href":"https:\/\/cofecon.org.br\/cofecon\/index.php?rest_route=\/wp\/v2\/posts\/19969\/revisions"}],"wp:featuredmedia":[{"embeddable":true,"href":"https:\/\/cofecon.org.br\/cofecon\/index.php?rest_route=\/wp\/v2\/media\/19970"}],"wp:attachment":[{"href":"https:\/\/cofecon.org.br\/cofecon\/index.php?rest_route=%2Fwp%2Fv2%2Fmedia&parent=19969"}],"wp:term":[{"taxonomy":"category","embeddable":true,"href":"https:\/\/cofecon.org.br\/cofecon\/index.php?rest_route=%2Fwp%2Fv2%2Fcategories&post=19969"},{"taxonomy":"post_tag","embeddable":true,"href":"https:\/\/cofecon.org.br\/cofecon\/index.php?rest_route=%2Fwp%2Fv2%2Ftags&post=19969"}],"curies":[{"name":"wp","href":"https:\/\/api.w.org\/{rel}","templated":true}]}}