{"id":19779,"date":"2023-01-20T17:41:32","date_gmt":"2023-01-20T20:41:32","guid":{"rendered":"https:\/\/www.cofecon.org.br\/?p=19779"},"modified":"2023-01-20T17:41:32","modified_gmt":"2023-01-20T20:41:32","slug":"ex-presidente-do-cofecon-fara-parte-de-comissao-de-estudos-do-bndes","status":"publish","type":"post","link":"https:\/\/cofecon.org.br\/cofecon\/?p=19779","title":{"rendered":"Ex-presidente do Cofecon far\u00e1 parte de comiss\u00e3o de estudos do BNDES"},"content":{"rendered":"<p>O conselheiro federal Antonio Corr\u00eaa de Lacerda far\u00e1 parte de uma comiss\u00e3o de estudos especiais para assessorar o Banco Nacional de Desenvolvimento Econ\u00f4mico e Social (BNDES) em projetos de longo prazo. O grupo dever\u00e1 ser institu\u00eddo em fevereiro e ser\u00e1 dirigido pelo economista Andr\u00e9 Lara Resende. A informa\u00e7\u00e3o foi publicada no site da Folha, no blog Painel.<\/p>\n<p>&#8220;Vejo como um reconhecimento do trabalho de todos n\u00f3s, elevando o prest\u00edgio do Sistema Cofecon\/Corecons&#8221;, comentou Lacerda. &#8220;Continuarei a fazer o melhor para bem representar-nos l\u00e1&#8221;.<\/p>\n<p>&#8220;Parabenizo o conselheiro Antonio Corr\u00eaa de Lacerda pela nomea\u00e7\u00e3o, na certeza de que ele representar\u00e1 muito bem o Sistema Cofecon\/Corecons e os economistas de todo o Brasil neste ambiente de debates t\u00e3o importante para a constru\u00e7\u00e3o do desenvolvimento nacional&#8221;, comemorou o presidente do Cofecon, Paulo Dantas da Costa.<\/p>\n<p>Outro economista que far\u00e1 parte do grupo \u00e9 Jos\u00e9 Roberto Affonso, um dos autores da Lei de Responsabilidade Fiscal. Ainda conforme o texto, o ex-ministro da sa\u00fade Jos\u00e9 Gomes Tempor\u00e3o dever\u00e1 planejar a\u00e7\u00f5es referentes ao complexo industrial da sa\u00fade \u2013 algo que j\u00e1 foi tema de debate realizado no Cofecon em 2021.O texto no site da Folha, dispon\u00edvel apenas para assinantes, pode ser acessado clicando <a href=\"https:\/\/www1.folha.uol.com.br\/colunas\/painel\/2023\/01\/bndes-cria-grupo-de-estudos-especiais-sob-coordenacao-de-lara-resende.shtml\">AQUI<\/a>.<\/p>\n","protected":false},"excerpt":{"rendered":"<p>O conselheiro federal Antonio Corr\u00eaa de Lacerda far\u00e1 parte de uma comiss\u00e3o de estudos especiais para assessorar o Banco Nacional de Desenvolvimento Econ\u00f4mico e Social (BNDES) em projetos de longo prazo. O grupo dever\u00e1 ser institu\u00eddo em fevereiro e ser\u00e1<\/p>\n<p><a class=\"more-link\" href=\"https:\/\/cofecon.org.br\/cofecon\/?p=19779\">Leia Mais<\/a><\/p>\n","protected":false},"author":1,"featured_media":19780,"comment_status":"closed","ping_status":"closed","sticky":false,"template":"","format":"standard","meta":{"footnotes":""},"categories":[2],"tags":[],"class_list":["post-19779","post","type-post","status-publish","format-standard","has-post-thumbnail","hentry","category-noticias"],"_links":{"self":[{"href":"https:\/\/cofecon.org.br\/cofecon\/index.php?rest_route=\/wp\/v2\/posts\/19779"}],"collection":[{"href":"https:\/\/cofecon.org.br\/cofecon\/index.php?rest_route=\/wp\/v2\/posts"}],"about":[{"href":"https:\/\/cofecon.org.br\/cofecon\/index.php?rest_route=\/wp\/v2\/types\/post"}],"author":[{"embeddable":true,"href":"https:\/\/cofecon.org.br\/cofecon\/index.php?rest_route=\/wp\/v2\/users\/1"}],"replies":[{"embeddable":true,"href":"https:\/\/cofecon.org.br\/cofecon\/index.php?rest_route=%2Fwp%2Fv2%2Fcomments&post=19779"}],"version-history":[{"count":0,"href":"https:\/\/cofecon.org.br\/cofecon\/index.php?rest_route=\/wp\/v2\/posts\/19779\/revisions"}],"wp:featuredmedia":[{"embeddable":true,"href":"https:\/\/cofecon.org.br\/cofecon\/index.php?rest_route=\/wp\/v2\/media\/19780"}],"wp:attachment":[{"href":"https:\/\/cofecon.org.br\/cofecon\/index.php?rest_route=%2Fwp%2Fv2%2Fmedia&parent=19779"}],"wp:term":[{"taxonomy":"category","embeddable":true,"href":"https:\/\/cofecon.org.br\/cofecon\/index.php?rest_route=%2Fwp%2Fv2%2Fcategories&post=19779"},{"taxonomy":"post_tag","embeddable":true,"href":"https:\/\/cofecon.org.br\/cofecon\/index.php?rest_route=%2Fwp%2Fv2%2Ftags&post=19779"}],"curies":[{"name":"wp","href":"https:\/\/api.w.org\/{rel}","templated":true}]}}