{"id":19775,"date":"2023-01-20T16:01:31","date_gmt":"2023-01-20T19:01:31","guid":{"rendered":"https:\/\/www.cofecon.org.br\/?p=19775"},"modified":"2023-01-20T16:01:31","modified_gmt":"2023-01-20T19:01:31","slug":"corecon-sp-apoia-evento-online-da-camara-texana-sobre-moedas-digitais","status":"publish","type":"post","link":"https:\/\/cofecon.org.br\/cofecon\/?p=19775","title":{"rendered":"Corecon-SP apoia evento online da C\u00e2mara Texana sobre \u201cMoedas Digitais\u201d"},"content":{"rendered":"\n<p>A C\u00e2mara Texana de Com\u00e9rcio no Brasil realiza no dia 30 de janeiro, com apoio do Corecon-SP, um evento on-line gratuito sobre moedas digitais. O presidente do Conselho Regional de Economia, Pedro Afonso Gomes, e o conselheiro Welinton Santos ser\u00e3o palestrantes. Estar\u00e3o presentes representantes da ind\u00fastria de criptoativos, professores, consultores, economistas, contadores e advogados. Para participar \u00e9 preciso inscrever-se.<\/p>\n<p>O evento faz parte da s\u00e9rie Di\u00e1logos com a Betchamber, uma iniciativa da C\u00e2mara que tamb\u00e9m conta com o apoio da FCCE (Federa\u00e7\u00e3o das C\u00e2maras de Com\u00e9rcio Exterior) e da CNC (Confedera\u00e7\u00e3o Nacional do Com\u00e9rcio de Bens, Servi\u00e7os e Turismo).<\/p>\n<p><strong>Criptoativos<\/strong><\/p>\n<p>Criptomoedas, blockchain, finan\u00e7as descentralizadas. Um universo de possibilidades se abre com o desenvolvimento deste novo ecossistema, complexo e, ao mesmo tempo, fascinante. Com ele, surgem tamb\u00e9m d\u00favidas e riscos. O que s\u00e3o criptoativos? Como funciona a tecnologia que os sustenta? Quais s\u00e3o seus impactos, positivos e negativos, na sociedade? De que forma podem ser usados para alavancar os neg\u00f3cios e o com\u00e9rcio internacional? Qual o papel do poder p\u00fablico nesta transforma\u00e7\u00e3o? Estas s\u00e3o algumas das perguntas que ser\u00e3o debatidas no evento.<\/p>\n<p><strong>Palestrantes<\/strong><\/p>\n<p><strong>Pedro Afonso Gomes<\/strong> \u2013 Economista, perito em Economia e Finan\u00e7as nos \u00e2mbitos judicial, extrajudicial e arbitral, consultor especializado em recupera\u00e7\u00e3o e reestrutura\u00e7\u00e3o de empresa, facilitador em cursos e workshops em disciplinas da \u00e1reas de Economia, Finan\u00e7as e Gest\u00e3o. <br><strong>Welinton Santos<\/strong> \u2013 Mestre em Pol\u00edticas P\u00fablicas. Especialista Internacional de Cidades. Economista. Criptoeconomista. Especialista em: Regula\u00e7\u00e3o (Intermunicipal), Psicopedagogia; EAD; Gest\u00e3o Empresarial; Gest\u00e3o Tarif\u00e1ria; Gest\u00e3o Econ\u00f4mica e Financeira. Especialista em Riscos de Projetos, certificado pelo BID.<br><strong>Pablo Rojas <\/strong>\u2013 Economista, empres\u00e1rio, autor de diversos livros acad\u00eamicos, professor universit\u00e1rio, especialista em educa\u00e7\u00e3o no ensino superior e em educa\u00e7\u00e3o a dist\u00e2ncia.<br>Coordenador Pedag\u00f3gico da Faculdade Ibra de Tecnologia &#8211; FITEC (S\u00e3o Jos\u00e9 dos Campos &#8211; SP). Diretor executivo da Int\u00e9ra Desenvolvimento e Elabora\u00e7\u00e3o de Material Did\u00e1tico Ltda.<\/p>\n<p><strong>Inscri\u00e7\u00f5es<\/strong><\/p>\n<p>Clique <a href=\"https:\/\/www.sympla.com.br\/evento\/dialogos-com-betchamber-moedas-digitais\/1845310\"><strong><span style=\"text-decoration: underline;\">AQUI<\/span><\/strong><\/a>. <br>O link para acesso \u00e0 palestra ser\u00e1 enviado aos inscritos, via e-mail, ap\u00f3s a inscri\u00e7\u00e3o.<\/p>\n","protected":false},"excerpt":{"rendered":"","protected":false},"author":1,"featured_media":19777,"comment_status":"closed","ping_status":"closed","sticky":false,"template":"","format":"standard","meta":{"footnotes":""},"categories":[2],"tags":[],"class_list":["post-19775","post","type-post","status-publish","format-standard","has-post-thumbnail","hentry","category-noticias"],"_links":{"self":[{"href":"https:\/\/cofecon.org.br\/cofecon\/index.php?rest_route=\/wp\/v2\/posts\/19775"}],"collection":[{"href":"https:\/\/cofecon.org.br\/cofecon\/index.php?rest_route=\/wp\/v2\/posts"}],"about":[{"href":"https:\/\/cofecon.org.br\/cofecon\/index.php?rest_route=\/wp\/v2\/types\/post"}],"author":[{"embeddable":true,"href":"https:\/\/cofecon.org.br\/cofecon\/index.php?rest_route=\/wp\/v2\/users\/1"}],"replies":[{"embeddable":true,"href":"https:\/\/cofecon.org.br\/cofecon\/index.php?rest_route=%2Fwp%2Fv2%2Fcomments&post=19775"}],"version-history":[{"count":0,"href":"https:\/\/cofecon.org.br\/cofecon\/index.php?rest_route=\/wp\/v2\/posts\/19775\/revisions"}],"wp:featuredmedia":[{"embeddable":true,"href":"https:\/\/cofecon.org.br\/cofecon\/index.php?rest_route=\/wp\/v2\/media\/19777"}],"wp:attachment":[{"href":"https:\/\/cofecon.org.br\/cofecon\/index.php?rest_route=%2Fwp%2Fv2%2Fmedia&parent=19775"}],"wp:term":[{"taxonomy":"category","embeddable":true,"href":"https:\/\/cofecon.org.br\/cofecon\/index.php?rest_route=%2Fwp%2Fv2%2Fcategories&post=19775"},{"taxonomy":"post_tag","embeddable":true,"href":"https:\/\/cofecon.org.br\/cofecon\/index.php?rest_route=%2Fwp%2Fv2%2Ftags&post=19775"}],"curies":[{"name":"wp","href":"https:\/\/api.w.org\/{rel}","templated":true}]}}