{"id":19768,"date":"2023-01-19T16:03:23","date_gmt":"2023-01-19T19:03:23","guid":{"rendered":"https:\/\/www.cofecon.org.br\/?p=19768"},"modified":"2023-01-19T16:03:23","modified_gmt":"2023-01-19T19:03:23","slug":"programa-da-onu-contra-aids-tem-vaga-para-economista","status":"publish","type":"post","link":"https:\/\/cofecon.org.br\/cofecon\/?p=19768","title":{"rendered":"Programa da ONU contra AIDS tem vaga para economista"},"content":{"rendered":"<p class=\"paragraph\" style=\"margin: 0cm; vertical-align: baseline;\"><span class=\"normaltextrun\">Economistas interessados em trabalhar no Programa das Na\u00e7\u00f5es Unidas para acesso a preven\u00e7\u00e3o e tratamento contra a AIDS (UNAIDS) t\u00eam at\u00e9 o dia 24 de janeiro para candidatar-se a uma vaga de assessor regional na \u00e1rea de financiamento equitativo. O sal\u00e1rio oferecido \u00e9 de cerca de 75 mil d\u00f3lares por ano. Entre as habilidades requeridas encontram-se o mestrado em pesquisa econ\u00f4mica, macroeconomia, economia da sa\u00fade, administra\u00e7\u00e3o de sa\u00fade p\u00fablica ou \u00e1reas correlatas e a flu\u00eancia em espanhol e ingl\u00eas.<\/span><span class=\"eop\">\u00a0<\/span><\/p>\n<p class=\"paragraph\" style=\"margin: 0cm; vertical-align: baseline;\"><span style=\"font-size: 9.0pt; font-family: 'Segoe UI',sans-serif;\">\u00a0<\/span><\/p>\n<p class=\"paragraph\" style=\"margin: 0cm; vertical-align: baseline; user-select: text; -webkit-user-drag: none; -webkit-tap-highlight-color: transparent; overflow-wrap: break-word; white-space: pre-wrap; font-kerning: none;\"><span class=\"normaltextrun\">A vaga \u00e9 para a cidade do Panam\u00e1 e o contrato tem a dura\u00e7\u00e3o de dois anos. Informa\u00e7\u00f5es adicionais podem ser acessadas clicando<a href=\"https:\/\/erecruit.unaids.org\/public\/hrd-cl-vac-view.asp?o_c=1000&amp;jobinfo_uid_c=38738&amp;vaclng=en\"> AQUI<\/a>, onde tamb\u00e9m est\u00e1 dispon\u00edvel o link para inscri\u00e7\u00f5es.<\/span><\/p>\n<p class=\"paragraph\" style=\"margin: 0cm; vertical-align: baseline;\"><span style=\"font-size: 9.0pt; font-family: 'Segoe UI',sans-serif;\">\u00a0<\/span><\/p>\n<p class=\"paragraph\" style=\"margin: 0cm; vertical-align: baseline; user-select: text; -webkit-user-drag: none; -webkit-tap-highlight-color: transparent; overflow-wrap: break-word; white-space: pre-wrap; font-kerning: none;\"><span class=\"normaltextrun\">O Programa tem como objetivos maximizar o acesso equitativo e igualit\u00e1rio aos servi\u00e7os na \u00e1rea de HIV, quebrar barreiras para alcan\u00e7ar resultados e integrar respostas eficientes em sistemas mais amplos de sa\u00fade e prote\u00e7\u00e3o.<\/span><span class=\"eop\">\u00a0<\/span><\/p>\n<p class=\"paragraph\" style=\"margin: 0cm; vertical-align: baseline;\"><span style=\"font-size: 9.0pt; font-family: 'Segoe UI',sans-serif;\">\u00a0<\/span><\/p>\n<p class=\"paragraph\" style=\"margin: 0cm; vertical-align: baseline; user-select: text; -webkit-user-drag: none; -webkit-tap-highlight-color: transparent; overflow-wrap: break-word; white-space: pre-wrap; font-kerning: none;\"><span class=\"normaltextrun\">A pr\u00e1tica do financiamento equitativo se baseia em identificar e promover estrat\u00e9gias para expandir as futuras op\u00e7\u00f5es de financiamento da resposta ao HIV, aplicando as boas pr\u00e1ticas em n\u00edvel global.<\/span><span class=\"eop\">\u00a0<\/span><\/p>\n<p class=\"paragraph\" style=\"margin: 0cm; vertical-align: baseline; user-select: text; -webkit-user-drag: none; -webkit-tap-highlight-color: transparent; overflow-wrap: break-word; white-space: pre-wrap; font-kerning: none;\"><span class=\"normaltextrun\">As principais responsabilidades do assessor incluem uma estrat\u00e9gia regional e fornecimento de orienta\u00e7\u00e3o t\u00e9cnica aos pa\u00edses, rastreamento de recursos e realizar parcerias nas \u00e1reas de capacita\u00e7\u00e3o, gest\u00e3o do conhecimento e di\u00e1logo com \u00f3rg\u00e3os regionais de financiamento \u00e0 sa\u00fade.<\/span><span class=\"eop\">\u00a0<\/span><\/p>\n","protected":false},"excerpt":{"rendered":"<p>Economistas interessados em trabalhar no Programa das Na\u00e7\u00f5es Unidas para acesso a preven\u00e7\u00e3o e tratamento contra a AIDS (UNAIDS) t\u00eam at\u00e9 o dia 24 de janeiro para candidatar-se a uma vaga de assessor regional na \u00e1rea de financiamento equitativo. O<\/p>\n<p><a class=\"more-link\" href=\"https:\/\/cofecon.org.br\/cofecon\/?p=19768\">Leia Mais<\/a><\/p>\n","protected":false},"author":1,"featured_media":19769,"comment_status":"closed","ping_status":"closed","sticky":false,"template":"","format":"standard","meta":{"footnotes":""},"categories":[2],"tags":[],"class_list":["post-19768","post","type-post","status-publish","format-standard","has-post-thumbnail","hentry","category-noticias"],"_links":{"self":[{"href":"https:\/\/cofecon.org.br\/cofecon\/index.php?rest_route=\/wp\/v2\/posts\/19768"}],"collection":[{"href":"https:\/\/cofecon.org.br\/cofecon\/index.php?rest_route=\/wp\/v2\/posts"}],"about":[{"href":"https:\/\/cofecon.org.br\/cofecon\/index.php?rest_route=\/wp\/v2\/types\/post"}],"author":[{"embeddable":true,"href":"https:\/\/cofecon.org.br\/cofecon\/index.php?rest_route=\/wp\/v2\/users\/1"}],"replies":[{"embeddable":true,"href":"https:\/\/cofecon.org.br\/cofecon\/index.php?rest_route=%2Fwp%2Fv2%2Fcomments&post=19768"}],"version-history":[{"count":0,"href":"https:\/\/cofecon.org.br\/cofecon\/index.php?rest_route=\/wp\/v2\/posts\/19768\/revisions"}],"wp:featuredmedia":[{"embeddable":true,"href":"https:\/\/cofecon.org.br\/cofecon\/index.php?rest_route=\/wp\/v2\/media\/19769"}],"wp:attachment":[{"href":"https:\/\/cofecon.org.br\/cofecon\/index.php?rest_route=%2Fwp%2Fv2%2Fmedia&parent=19768"}],"wp:term":[{"taxonomy":"category","embeddable":true,"href":"https:\/\/cofecon.org.br\/cofecon\/index.php?rest_route=%2Fwp%2Fv2%2Fcategories&post=19768"},{"taxonomy":"post_tag","embeddable":true,"href":"https:\/\/cofecon.org.br\/cofecon\/index.php?rest_route=%2Fwp%2Fv2%2Ftags&post=19768"}],"curies":[{"name":"wp","href":"https:\/\/api.w.org\/{rel}","templated":true}]}}