{"id":19765,"date":"2023-01-18T18:14:56","date_gmt":"2023-01-18T21:14:56","guid":{"rendered":"https:\/\/www.cofecon.org.br\/?p=19765"},"modified":"2023-01-18T18:14:56","modified_gmt":"2023-01-18T21:14:56","slug":"recorde-de-credito-consignado-nao-e-uma-boa-medida-afirma-conselheiro","status":"publish","type":"post","link":"https:\/\/cofecon.org.br\/cofecon\/?p=19765","title":{"rendered":"Recorde de cr\u00e9dito consignado n\u00e3o \u00e9 uma boa medida, afirma conselheiro"},"content":{"rendered":"<p>Durante a apresenta\u00e7\u00e3o da nova presidente do Banco do Brasil, Tarciana Medeiros, na segunda-feira (17), o presidente Luiz In\u00e1cio Lula da Silva declarou desejar que a institui\u00e7\u00e3o fa\u00e7a uma oferta recorde de cr\u00e9dito consignado. O conselheiro federal Gustavo Casseb Pessoti analisou o assunto e afirmou \u00e0 Ag\u00eancia Radioweb que n\u00e3o considera esta uma boa medida.<\/p>\n<p>&#8220;Aumentar a disponibilidade de cr\u00e9dito num cen\u00e1rio em que as taxas de juros ainda continuam bastante altas, as condi\u00e7\u00f5es relacionadas \u00e0 infla\u00e7\u00e3o, empregabilidade, ainda n\u00e3o foram equacionadas, n\u00e3o h\u00e1 um plano econ\u00f4mico ainda claramente em vig\u00eancia para evidenciar recupera\u00e7\u00e3o dos empregos perdidos e melhora na distribui\u00e7\u00e3o de renda. Embora os an\u00fancios do sal\u00e1rio m\u00ednimo tenham sido feitos, h\u00e1 uma batalha ainda a ser vencida&#8221;, comentou Pessoti. &#8220;Ent\u00e3o objetivamente essa pol\u00edtica de estimular o cr\u00e9dito num cen\u00e1rio como esse, n\u00e3o considero uma boa medida&#8221;.<\/p>\n<p><span class=\"ui-provider vb b c d e f g h i j k l m n o p q r s t u v w x y z ab ac ae af ag ah ai aj ak\" dir=\"ltr\">A mat\u00e9ria pode ser ouvida no player abaixo:<\/span><\/p>\n<p><iframe title=\"Spotify Embed: Economistas alertam sobre medidas para ampliar acesso ao cr\u00e9dito\" style=\"border-radius: 12px\" width=\"100%\" height=\"152\" frameborder=\"0\" allowfullscreen allow=\"autoplay; clipboard-write; encrypted-media; fullscreen; picture-in-picture\" loading=\"lazy\" src=\"https:\/\/open.spotify.com\/embed\/episode\/3aabDeErbsryuFIDxkvbRH?si=dSeo42NJSEWFedFLOeEgAQ&#038;utm_source=oembed\"><\/iframe><\/p>\n","protected":false},"excerpt":{"rendered":"<p>Durante a apresenta\u00e7\u00e3o da nova presidente do Banco do Brasil, Tarciana Medeiros, na segunda-feira (17), o presidente Luiz In\u00e1cio Lula da Silva declarou desejar que a institui\u00e7\u00e3o fa\u00e7a uma oferta recorde de cr\u00e9dito consignado. O conselheiro federal Gustavo Casseb Pessoti<\/p>\n<p><a class=\"more-link\" href=\"https:\/\/cofecon.org.br\/cofecon\/?p=19765\">Leia Mais<\/a><\/p>\n","protected":false},"author":1,"featured_media":19766,"comment_status":"closed","ping_status":"closed","sticky":false,"template":"","format":"standard","meta":{"footnotes":""},"categories":[2],"tags":[],"class_list":["post-19765","post","type-post","status-publish","format-standard","has-post-thumbnail","hentry","category-noticias"],"_links":{"self":[{"href":"https:\/\/cofecon.org.br\/cofecon\/index.php?rest_route=\/wp\/v2\/posts\/19765"}],"collection":[{"href":"https:\/\/cofecon.org.br\/cofecon\/index.php?rest_route=\/wp\/v2\/posts"}],"about":[{"href":"https:\/\/cofecon.org.br\/cofecon\/index.php?rest_route=\/wp\/v2\/types\/post"}],"author":[{"embeddable":true,"href":"https:\/\/cofecon.org.br\/cofecon\/index.php?rest_route=\/wp\/v2\/users\/1"}],"replies":[{"embeddable":true,"href":"https:\/\/cofecon.org.br\/cofecon\/index.php?rest_route=%2Fwp%2Fv2%2Fcomments&post=19765"}],"version-history":[{"count":0,"href":"https:\/\/cofecon.org.br\/cofecon\/index.php?rest_route=\/wp\/v2\/posts\/19765\/revisions"}],"wp:featuredmedia":[{"embeddable":true,"href":"https:\/\/cofecon.org.br\/cofecon\/index.php?rest_route=\/wp\/v2\/media\/19766"}],"wp:attachment":[{"href":"https:\/\/cofecon.org.br\/cofecon\/index.php?rest_route=%2Fwp%2Fv2%2Fmedia&parent=19765"}],"wp:term":[{"taxonomy":"category","embeddable":true,"href":"https:\/\/cofecon.org.br\/cofecon\/index.php?rest_route=%2Fwp%2Fv2%2Fcategories&post=19765"},{"taxonomy":"post_tag","embeddable":true,"href":"https:\/\/cofecon.org.br\/cofecon\/index.php?rest_route=%2Fwp%2Fv2%2Ftags&post=19765"}],"curies":[{"name":"wp","href":"https:\/\/api.w.org\/{rel}","templated":true}]}}