{"id":19741,"date":"2023-01-16T18:24:04","date_gmt":"2023-01-16T21:24:04","guid":{"rendered":"https:\/\/www.cofecon.org.br\/?p=19741"},"modified":"2023-01-16T18:24:04","modified_gmt":"2023-01-16T21:24:04","slug":"por-uma-nova-politica-economica-para-a-bahia","status":"publish","type":"post","link":"https:\/\/cofecon.org.br\/cofecon\/?p=19741","title":{"rendered":"Por uma nova Pol\u00edtica Econ\u00f4mica para a Bahia"},"content":{"rendered":"<p><em><strong>Por Gustavo Casseb Pessoti, conselheiro federal e presidente do Corecon-BA<\/strong><\/em><\/p>\n<p>Diferente do que algumas pessoas acreditam, a Economia n\u00e3o \u00e9 uma ci\u00eancia exata, identificada \u00fanica e exclusivamente com equil\u00edbrio fiscal ou com os recursos monet\u00e1rios escassos para necessidades ilimitadas. Os economistas s\u00e3o cientistas sociais, identificados com o desenvolvimento humano e social e com a erradica\u00e7\u00e3o da pobreza atrav\u00e9s de pol\u00edticas p\u00fablicas especialmente criadas para esse prop\u00f3sito. De modo que a economia, em qualquer abordagem te\u00f3rica ou na avalia\u00e7\u00e3o das suas consequ\u00eancias, nunca estar\u00e1 dissociada de ju\u00edzo moral.<\/p>\n<p>N\u00f3s do Conselho Regional de Economia da Bahia ficamos bastante entusiasmados com o alinhamento do discurso entre o Governo do Estado e o Governo Federal empossados em 2023, que afirmaram ser prioridade acabar com a fome e a inseguran\u00e7a alimentar no Brasil e na Bahia. Pol\u00edticas sociais s\u00e3o imprescind\u00edveis e uma condi\u00e7\u00e3o necess\u00e1ria para o desenvolvimento socioecon\u00f4mico em sentido lato.<\/p>\n<p>No entanto, pol\u00edticas sociais assertivas n\u00e3o prescindem da necessidade de pol\u00edticas econ\u00f4micas e de arcabou\u00e7o institucional, capazes de aumentar o dinamismo da economia baiana, reativar os setores produtivos e melhorar o ambiente de neg\u00f3cios (inclusive internacionais) do estado. Tomando como refer\u00eancia a parte mensur\u00e1vel da ci\u00eancia econ\u00f4mica, os modelos estat\u00edsticos mostram que, em um ambiente marcado pelas desigualdades sociais, existe uma correla\u00e7\u00e3o forte entre o crescimento econ\u00f4mico, a cria\u00e7\u00e3o de empregos e a melhoria na gera\u00e7\u00e3o e distribui\u00e7\u00e3o de renda entre as pessoas, desde que associado a pol\u00edticas p\u00fablicas assertivas e uma institucionalidade estimuladora do desenvolvimento.<\/p>\n<p>N\u00e3o podemos apenas olhar para o passado! Mas ele n\u00e3o pode ser desconsiderado para a elabora\u00e7\u00e3o de pol\u00edticas econ\u00f4micas mais robustas, que sejam capazes de reverter o quadro do baixo crescimento da economia baiana na d\u00e9cada de 2011-2020. Precisamos menos de aspectos conjunturais (que, tenho certeza, ser\u00e3o melhores a partir de agora) e mais de investimentos portadores de um novo futuro para o estado, que sejam capazes de uma transforma\u00e7\u00e3o radical na estrutura produtiva da Bahia, ou seja, na composi\u00e7\u00e3o org\u00e2nica do capital instalado, com efeitos multiplicadores tamb\u00e9m para o interior do estado.<\/p>\n<p>O Corecon-BA se coloca \u00e0 inteira disposi\u00e7\u00e3o do novo governador para debater, contribuir e realizar reflex\u00f5es necess\u00e1rias para uma nova agenda de pol\u00edticas econ\u00f4micas para a Bahia durante o quadri\u00eanio 2023-2026. Desenvolvimento econ\u00f4mico e desenvolvimento social devem andar de m\u00e3os dadas. Ao lado das conquistas sociais, precisamos melhorar a competitividade da economia, ser mais agressivos na efetiva\u00e7\u00e3o de investimentos infraestruturais e produtivos para adensar, diversificar e descentralizar a nossa matriz produtiva, elementos centrais para um novo ciclo de crescimento da economia baiana.<\/p>\n<p><strong>(Artigo publicado originalmente no jornal A Tarde de 16\/01\/2023)<\/strong><\/p>\n","protected":false},"excerpt":{"rendered":"<p>Por Gustavo Casseb Pessoti, conselheiro federal e presidente do Corecon-BA Diferente do que algumas pessoas acreditam, a Economia n\u00e3o \u00e9 uma ci\u00eancia exata, identificada \u00fanica e exclusivamente com equil\u00edbrio fiscal ou com os recursos monet\u00e1rios escassos para necessidades ilimitadas. Os<\/p>\n<p><a class=\"more-link\" href=\"https:\/\/cofecon.org.br\/cofecon\/?p=19741\">Leia Mais<\/a><\/p>\n","protected":false},"author":1,"featured_media":19751,"comment_status":"closed","ping_status":"closed","sticky":false,"template":"","format":"standard","meta":{"footnotes":""},"categories":[6],"tags":[],"class_list":["post-19741","post","type-post","status-publish","format-standard","has-post-thumbnail","hentry","category-artigo"],"_links":{"self":[{"href":"https:\/\/cofecon.org.br\/cofecon\/index.php?rest_route=\/wp\/v2\/posts\/19741"}],"collection":[{"href":"https:\/\/cofecon.org.br\/cofecon\/index.php?rest_route=\/wp\/v2\/posts"}],"about":[{"href":"https:\/\/cofecon.org.br\/cofecon\/index.php?rest_route=\/wp\/v2\/types\/post"}],"author":[{"embeddable":true,"href":"https:\/\/cofecon.org.br\/cofecon\/index.php?rest_route=\/wp\/v2\/users\/1"}],"replies":[{"embeddable":true,"href":"https:\/\/cofecon.org.br\/cofecon\/index.php?rest_route=%2Fwp%2Fv2%2Fcomments&post=19741"}],"version-history":[{"count":0,"href":"https:\/\/cofecon.org.br\/cofecon\/index.php?rest_route=\/wp\/v2\/posts\/19741\/revisions"}],"wp:featuredmedia":[{"embeddable":true,"href":"https:\/\/cofecon.org.br\/cofecon\/index.php?rest_route=\/wp\/v2\/media\/19751"}],"wp:attachment":[{"href":"https:\/\/cofecon.org.br\/cofecon\/index.php?rest_route=%2Fwp%2Fv2%2Fmedia&parent=19741"}],"wp:term":[{"taxonomy":"category","embeddable":true,"href":"https:\/\/cofecon.org.br\/cofecon\/index.php?rest_route=%2Fwp%2Fv2%2Fcategories&post=19741"},{"taxonomy":"post_tag","embeddable":true,"href":"https:\/\/cofecon.org.br\/cofecon\/index.php?rest_route=%2Fwp%2Fv2%2Ftags&post=19741"}],"curies":[{"name":"wp","href":"https:\/\/api.w.org\/{rel}","templated":true}]}}