{"id":19739,"date":"2023-01-16T18:14:44","date_gmt":"2023-01-16T21:14:44","guid":{"rendered":"https:\/\/www.cofecon.org.br\/?p=19739"},"modified":"2023-01-16T18:14:44","modified_gmt":"2023-01-16T21:14:44","slug":"lacerda-comenta-noticias-do-jornal-da-cultura","status":"publish","type":"post","link":"https:\/\/cofecon.org.br\/cofecon\/?p=19739","title":{"rendered":"Lacerda comenta not\u00edcias do Jornal da Cultura"},"content":{"rendered":"<p><em>Ex-presidente do Cofecon falou sobre pacote fiscal, rombo das Lojas Americanas, cart\u00f5es corporativos e infla\u00e7\u00e3o dos alimentos, entre outros assuntos<\/em><\/p>\n<p>O conselheiro federal Antonio Corr\u00eaa de Lacerda participou do Jornal da Cultura na \u00faltima sexta-feira, 13 de janeiro. Junto \u00e0 jornalista Patr\u00edcia Campos Mello, Lacerda comentou as not\u00edcias exibidas no telejornal apresentado por Karyn Bravo.<\/p>\n<p>A rea\u00e7\u00e3o do mercado ao pacote fiscal anunciado pelo ministro Fernando Haddad foi um dos temas comentados pelo conselheiro. \u201cNormalmente, quando se faz um pacote, j\u00e1 se leva em conta que haver\u00e1 resist\u00eancia, n\u00e3o s\u00f3 da sociedade e dos agentes econ\u00f4micos, como no pr\u00f3prio Congresso\u201d, apontou. \u201cO que \u00e9 importante neste quadro? A sinaliza\u00e7\u00e3o. O governo que assumiu h\u00e1 duas semanas coloca como objetivo o equil\u00edbrio fiscal, o que \u00e9 muito positivo, mesmo com dificuldade em se obter o m\u00e1ximo a ser atingido. Por isso o pacote tem sido muito bem recebido\u201d.<\/p>\n<p>O rombo de 20 bilh\u00f5es de reais descoberto nas Lojas Americanas tamb\u00e9m foi comentado por Lacerda. \u201cH\u00e1 perguntas sem resposta. Primeiro, que tipo de artimanha cont\u00e1bil, se \u00e9 que foi utilizada, gerou esse passivo de 20 bilh\u00f5es de reais? Segundo, qual foi a postura das empresas de auditoria? Terceiro, qual o padr\u00e3o de comportamento dos controladores? Houve um momento em que a a\u00e7\u00e3o subiu, logo ap\u00f3s a elei\u00e7\u00e3o do CEO, em agosto\u201d, questionou Lacerda. \u201cCriou-se um ambiente, houve uma valoriza\u00e7\u00e3o incomum das a\u00e7\u00f5es naquele per\u00edodo. Foi um movimento provado? Houve venda de a\u00e7\u00f5es por parte dos controladores quando elas estavam em alta? A Comiss\u00e3o de Valores Mobili\u00e1rios precisar\u00e1 investigar\u201d.<\/p>\n<p>Os gastos do ex-presidente Jair Bolsonaro com cart\u00f5es corporativos foram objeto de uma mat\u00e9ria veiculada no telejornal. \u201c\u00c9 fundamental estabelecer padr\u00f5es e par\u00e2metros para o uso deste sistema de pagamento. O problema n\u00e3o \u00e9 o sistema em si, as empresas tamb\u00e9m usam cart\u00f5es corporativos, mas para as finalidades da empresa\u201d, avaliou Lacerda. \u201cNo caso p\u00fablico se torna mais relevante, porque as atividades t\u00eam que estar relacionadas com o interesse da sociedade. O problema est\u00e1 no uso dos recursos p\u00fablicos para fins privados\u201d.<\/p>\n<p>A infla\u00e7\u00e3o dos alimentos dever\u00e1 ser menor em 2023 do que foi nos anos anteriores. O ex-presidente do Cofecon analisou dois aspectos da not\u00edcia. \u201cSomos um pa\u00eds muito desigual. Produzimos, mas n\u00e3o conseguimos distribuir. Produzimos majoritariamente para a exporta\u00e7\u00e3o. Como o governo est\u00e1 tratando disso? H\u00e1 o Minist\u00e9rio da Agricultura, que vai tratar do agroneg\u00f3cio, e o Minist\u00e9rio do Desenvolvimento Agr\u00e1rio, que vai tratar, em tese, do abastecimento\u201d, mencionou. \u201cVou lembrar uma obviedade: infla\u00e7\u00e3o em queda n\u00e3o \u00e9 pre\u00e7o em queda. Se a infla\u00e7\u00e3o em 2021 foi de 10% e no ano que passou foi de 6% ou um pouco menos, significa que nosso bolso est\u00e1 sendo onerado em 10, mais 6, mais 4 ou 5%. Tudo isso acumulado, porque os pre\u00e7os n\u00e3o voltam. Infla\u00e7\u00e3o menor significa que os pre\u00e7os est\u00e3o subindo menos, mas continuam subindo\u201d.<\/p>\n<p>A edi\u00e7\u00e3o de 13 de janeiro do Jornal da Cultura, com a participa\u00e7\u00e3o do conselheiro federal e ex-presidente do Cofecon Antonio Corr\u00eaa de Lacerda, pode ser assistida clicando <a href=\"https:\/\/www.youtube.com\/watch?v=AsLrjL-SnnM\"><span style=\"text-decoration: underline;\"><strong>AQUI<\/strong><\/span><\/a>.<\/p>\n","protected":false},"excerpt":{"rendered":"<p>Ex-presidente do Cofecon falou sobre pacote fiscal, rombo das Lojas Americanas, cart\u00f5es corporativos e infla\u00e7\u00e3o dos alimentos, entre outros assuntos O conselheiro federal Antonio Corr\u00eaa de Lacerda participou do Jornal da Cultura na \u00faltima sexta-feira, 13 de janeiro. Junto \u00e0<\/p>\n<p><a class=\"more-link\" href=\"https:\/\/cofecon.org.br\/cofecon\/?p=19739\">Leia Mais<\/a><\/p>\n","protected":false},"author":1,"featured_media":19744,"comment_status":"closed","ping_status":"closed","sticky":false,"template":"","format":"standard","meta":{"footnotes":""},"categories":[2],"tags":[],"class_list":["post-19739","post","type-post","status-publish","format-standard","has-post-thumbnail","hentry","category-noticias"],"_links":{"self":[{"href":"https:\/\/cofecon.org.br\/cofecon\/index.php?rest_route=\/wp\/v2\/posts\/19739"}],"collection":[{"href":"https:\/\/cofecon.org.br\/cofecon\/index.php?rest_route=\/wp\/v2\/posts"}],"about":[{"href":"https:\/\/cofecon.org.br\/cofecon\/index.php?rest_route=\/wp\/v2\/types\/post"}],"author":[{"embeddable":true,"href":"https:\/\/cofecon.org.br\/cofecon\/index.php?rest_route=\/wp\/v2\/users\/1"}],"replies":[{"embeddable":true,"href":"https:\/\/cofecon.org.br\/cofecon\/index.php?rest_route=%2Fwp%2Fv2%2Fcomments&post=19739"}],"version-history":[{"count":0,"href":"https:\/\/cofecon.org.br\/cofecon\/index.php?rest_route=\/wp\/v2\/posts\/19739\/revisions"}],"wp:featuredmedia":[{"embeddable":true,"href":"https:\/\/cofecon.org.br\/cofecon\/index.php?rest_route=\/wp\/v2\/media\/19744"}],"wp:attachment":[{"href":"https:\/\/cofecon.org.br\/cofecon\/index.php?rest_route=%2Fwp%2Fv2%2Fmedia&parent=19739"}],"wp:term":[{"taxonomy":"category","embeddable":true,"href":"https:\/\/cofecon.org.br\/cofecon\/index.php?rest_route=%2Fwp%2Fv2%2Fcategories&post=19739"},{"taxonomy":"post_tag","embeddable":true,"href":"https:\/\/cofecon.org.br\/cofecon\/index.php?rest_route=%2Fwp%2Fv2%2Ftags&post=19739"}],"curies":[{"name":"wp","href":"https:\/\/api.w.org\/{rel}","templated":true}]}}