{"id":19730,"date":"2023-01-13T11:02:00","date_gmt":"2023-01-13T14:02:00","guid":{"rendered":"https:\/\/www.cofecon.org.br\/?p=19730"},"modified":"2023-01-13T11:02:00","modified_gmt":"2023-01-13T14:02:00","slug":"e-extremamente-necessaria-atualizacao-da-tabela-do-ir-destaca-presidente-do-cofecon","status":"publish","type":"post","link":"https:\/\/cofecon.org.br\/cofecon\/?p=19730","title":{"rendered":"\u201c\u00c9 extremamente necess\u00e1ria atualiza\u00e7\u00e3o da tabela do IR\u201d, destaca presidente do Cofecon"},"content":{"rendered":"<p><em>Com a tabela atual, vigente desde abril de 2015, pessoas que ganham 1,5 sal\u00e1rio m\u00ednimo pagar\u00e3o imposto de renda em 2023<\/em><\/p>\n<p>A defasagem da tabela do imposto de renda far\u00e1 com que, em 2023, trabalhadores que ganham 1,5 sal\u00e1rio m\u00ednimo deixem de estar isentos do pagamento. A faixa m\u00ednima \u2013 de 7,5% &#8211; incide sobre rendimentos mensais acima de R$ 1.903,98, e desde abril de 2015 a tabela n\u00e3o \u00e9 corrigida.<\/p>\n<p>Se a faixa de isen\u00e7\u00e3o houvesse sido corrigida pelo n\u00famero de sal\u00e1rios m\u00ednimos, rendimentos abaixo de R$ 3.145,91 deveriam estar livres do pagamento de imposto de renda. J\u00e1 se ela fosse corrigida somente pela infla\u00e7\u00e3o do per\u00edodo, medida pelo \u00cdndice de Pre\u00e7os ao Consumidor Amplo (IPCA), rendimentos abaixo de R$ 2.924,26 deveriam ser isentos. A infla\u00e7\u00e3o do per\u00edodo e a n\u00e3o corre\u00e7\u00e3o da tabela fazem com que, cada vez mais, pessoas com renda mais baixa estejam pagando IR.<\/p>\n<p>\u201cEssa quest\u00e3o d\u00e1 conta de uma marcante deforma\u00e7\u00e3o do modelo tribut\u00e1rio brasileiro. N\u00e3o de agora, mas desde sempre, n\u00f3s optamos por um modelo que leva em considera\u00e7\u00e3o uma maior incid\u00eancia dos tributos indiretos, ou seja, os que incidem sobre a movimenta\u00e7\u00e3o econ\u00f4mica dos bens e servi\u00e7os, em detrimento da tributa\u00e7\u00e3o sobre o patrim\u00f4nio e sobre as altas rendas\u201d, critica o presidente do Cofecon, Paulo Dantas da Costa. \u201c\u00c9 extremamente necess\u00e1ria essa atualiza\u00e7\u00e3o, de modo a penalizar menos os que est\u00e3o em faixas inferiores\u201d.<\/p>\n<p>Especialista em tributa\u00e7\u00e3o, Dantas aponta que o Imposto de Renda \u00e9 o tributo mais importante em qualquer modelo mundo afora, e que ele deveria alcan\u00e7ar mais as maiores rendas. \u201cAt\u00e9 os pa\u00edses ditos socialistas aplicam o imposto de renda, caso de Venezuela e Cuba. \u00c9 um imposto muito justo, mas deveria ter sua incid\u00eancia voltada para as altas rendas. \u00c9 o imposto mais importante que n\u00f3s temos. Mas \u00e9 preciso que sejam alcan\u00e7adas as pessoas que efetivamente t\u00eam ganhos significativos\u201d, avalia o presidente do Cofecon.<\/p>\n<p>\u201cMenciono um tipo de renda que \u00e9 brandamente alcan\u00e7ada pelo modelo tribut\u00e1rio brasileiro, e em especial pelo imposto de renda: os ganhos decorrentes das aplica\u00e7\u00f5es financeiras, aquelas que beneficiam os rentistas, que em geral s\u00e3o aqueles que est\u00e3o em posi\u00e7\u00f5es hiper privilegiadas dentro da estrutura social\u201d, continua Dantas. Ele frisa que em pa\u00edses tidos como refer\u00eancia as faixas mais altas de cobran\u00e7a chegam a uma m\u00e9dia de 38 a 40%, enquanto no Brasil esta al\u00edquota \u00e9 de 27,5%, e que lucros e dividendos tamb\u00e9m n\u00e3o s\u00e3o tributados no Pa\u00eds \u2013 algo que, al\u00e9m do Brasil, ocorre apenas na Est\u00f4nia.<\/p>\n","protected":false},"excerpt":{"rendered":"<p>Com a tabela atual, vigente desde abril de 2015, pessoas que ganham 1,5 sal\u00e1rio m\u00ednimo pagar\u00e3o imposto de renda em 2023 A defasagem da tabela do imposto de renda far\u00e1 com que, em 2023, trabalhadores que ganham 1,5 sal\u00e1rio m\u00ednimo<\/p>\n<p><a class=\"more-link\" href=\"https:\/\/cofecon.org.br\/cofecon\/?p=19730\">Leia Mais<\/a><\/p>\n","protected":false},"author":1,"featured_media":19731,"comment_status":"closed","ping_status":"closed","sticky":false,"template":"","format":"standard","meta":{"footnotes":""},"categories":[2],"tags":[],"class_list":["post-19730","post","type-post","status-publish","format-standard","has-post-thumbnail","hentry","category-noticias"],"_links":{"self":[{"href":"https:\/\/cofecon.org.br\/cofecon\/index.php?rest_route=\/wp\/v2\/posts\/19730"}],"collection":[{"href":"https:\/\/cofecon.org.br\/cofecon\/index.php?rest_route=\/wp\/v2\/posts"}],"about":[{"href":"https:\/\/cofecon.org.br\/cofecon\/index.php?rest_route=\/wp\/v2\/types\/post"}],"author":[{"embeddable":true,"href":"https:\/\/cofecon.org.br\/cofecon\/index.php?rest_route=\/wp\/v2\/users\/1"}],"replies":[{"embeddable":true,"href":"https:\/\/cofecon.org.br\/cofecon\/index.php?rest_route=%2Fwp%2Fv2%2Fcomments&post=19730"}],"version-history":[{"count":0,"href":"https:\/\/cofecon.org.br\/cofecon\/index.php?rest_route=\/wp\/v2\/posts\/19730\/revisions"}],"wp:featuredmedia":[{"embeddable":true,"href":"https:\/\/cofecon.org.br\/cofecon\/index.php?rest_route=\/wp\/v2\/media\/19731"}],"wp:attachment":[{"href":"https:\/\/cofecon.org.br\/cofecon\/index.php?rest_route=%2Fwp%2Fv2%2Fmedia&parent=19730"}],"wp:term":[{"taxonomy":"category","embeddable":true,"href":"https:\/\/cofecon.org.br\/cofecon\/index.php?rest_route=%2Fwp%2Fv2%2Fcategories&post=19730"},{"taxonomy":"post_tag","embeddable":true,"href":"https:\/\/cofecon.org.br\/cofecon\/index.php?rest_route=%2Fwp%2Fv2%2Ftags&post=19730"}],"curies":[{"name":"wp","href":"https:\/\/api.w.org\/{rel}","templated":true}]}}