{"id":19727,"date":"2023-01-12T16:24:54","date_gmt":"2023-01-12T19:24:54","guid":{"rendered":"https:\/\/www.cofecon.org.br\/?p=19727"},"modified":"2023-01-12T16:24:54","modified_gmt":"2023-01-12T19:24:54","slug":"conselheiro-comenta-volta-do-pagamento-do-auxilio-gas","status":"publish","type":"post","link":"https:\/\/cofecon.org.br\/cofecon\/?p=19727","title":{"rendered":"Conselheiro comenta volta do pagamento do Aux\u00edlio G\u00e1s"},"content":{"rendered":"<p>O conselheiro federal Fernando de Aquino Fonseca Neto falou ao portal Brasil 61 sobre a volta do pagamento do programa Aux\u00edlio G\u00e1s no m\u00eas de fevereiro. O benef\u00edcio ser\u00e1 depositado a cada dois meses, no valor m\u00e9dio do botij\u00e3o de 13 kg \u2013 que, em dezembro, foi de R$ 112,00 e beneficiou 5,9 milh\u00f5es de pessoas.<\/p>\n<p>\u201c\u00c9 um benef\u00edcio muito importante no Brasil para as fam\u00edlias de baixa renda, porque \u00e9 um item essencial no preparo dos alimentos em casa, e que n\u00e3o tem substitutos f\u00e1ceis ou acess\u00edveis\u201d, comentou o conselheiro. \u201cA boa not\u00edcia \u00e9 que o governo atual manteve o pagamento em 100% do valor do botij\u00e3o\u201d.<\/p>\n<p>O Aux\u00edlio G\u00e1s foi lan\u00e7ado em 2021, pagando aos benefici\u00e1rios a metade do valor m\u00e9dio do botij\u00e3o. Com a PEC dos Benef\u00edcios, aprovada em meados de 2022, o valor foi aumentado para 100% at\u00e9 dezembro de 2022. A manuten\u00e7\u00e3o da porcentagem foi assegurada pela PEC da Transi\u00e7\u00e3o.<\/p>\n<p>Podem ter direito ao pagamento as fam\u00edlias inscritas no Cadastro \u00danico que recebem at\u00e9 meio sal\u00e1rio m\u00ednimo por pessoa e as que recebem o Benef\u00edcio de Presta\u00e7\u00e3o Continuada (BPC).<\/p>\n","protected":false},"excerpt":{"rendered":"<p>O conselheiro federal Fernando de Aquino Fonseca Neto falou ao portal Brasil 61 sobre a volta do pagamento do programa Aux\u00edlio G\u00e1s no m\u00eas de fevereiro. O benef\u00edcio ser\u00e1 depositado a cada dois meses, no valor m\u00e9dio do botij\u00e3o de<\/p>\n<p><a class=\"more-link\" href=\"https:\/\/cofecon.org.br\/cofecon\/?p=19727\">Leia Mais<\/a><\/p>\n","protected":false},"author":1,"featured_media":19728,"comment_status":"closed","ping_status":"closed","sticky":false,"template":"","format":"standard","meta":{"footnotes":""},"categories":[2],"tags":[],"class_list":["post-19727","post","type-post","status-publish","format-standard","has-post-thumbnail","hentry","category-noticias"],"_links":{"self":[{"href":"https:\/\/cofecon.org.br\/cofecon\/index.php?rest_route=\/wp\/v2\/posts\/19727"}],"collection":[{"href":"https:\/\/cofecon.org.br\/cofecon\/index.php?rest_route=\/wp\/v2\/posts"}],"about":[{"href":"https:\/\/cofecon.org.br\/cofecon\/index.php?rest_route=\/wp\/v2\/types\/post"}],"author":[{"embeddable":true,"href":"https:\/\/cofecon.org.br\/cofecon\/index.php?rest_route=\/wp\/v2\/users\/1"}],"replies":[{"embeddable":true,"href":"https:\/\/cofecon.org.br\/cofecon\/index.php?rest_route=%2Fwp%2Fv2%2Fcomments&post=19727"}],"version-history":[{"count":0,"href":"https:\/\/cofecon.org.br\/cofecon\/index.php?rest_route=\/wp\/v2\/posts\/19727\/revisions"}],"wp:featuredmedia":[{"embeddable":true,"href":"https:\/\/cofecon.org.br\/cofecon\/index.php?rest_route=\/wp\/v2\/media\/19728"}],"wp:attachment":[{"href":"https:\/\/cofecon.org.br\/cofecon\/index.php?rest_route=%2Fwp%2Fv2%2Fmedia&parent=19727"}],"wp:term":[{"taxonomy":"category","embeddable":true,"href":"https:\/\/cofecon.org.br\/cofecon\/index.php?rest_route=%2Fwp%2Fv2%2Fcategories&post=19727"},{"taxonomy":"post_tag","embeddable":true,"href":"https:\/\/cofecon.org.br\/cofecon\/index.php?rest_route=%2Fwp%2Fv2%2Ftags&post=19727"}],"curies":[{"name":"wp","href":"https:\/\/api.w.org\/{rel}","templated":true}]}}