{"id":19325,"date":"2022-12-01T13:09:29","date_gmt":"2022-12-01T16:09:29","guid":{"rendered":"https:\/\/www.cofecon.org.br\/?p=19325"},"modified":"2022-12-01T13:09:29","modified_gmt":"2022-12-01T16:09:29","slug":"novos-conselheiros-federais-sao-eleitos-3","status":"publish","type":"post","link":"https:\/\/cofecon.org.br\/cofecon\/?p=19325","title":{"rendered":"Novos conselheiros federais s\u00e3o eleitos"},"content":{"rendered":"<p><span data-contrast=\"auto\">O Conselho Federal de Economia (Cofecon) realizou nesta quinta-feira, 1\u00ba de dezembro, a Assembleia de Delegados Eleitores, evento que re\u00fane um representante de cada Conselho Regional de Economia para eleger conselheiros federais com mandato no tri\u00eanio 2023-2025. O evento ocorreu de forma h\u00edbrida, com parte dos delegados reunindo-se em Bras\u00edlia e parte acessando a reuni\u00e3o por meio de ambiente virtual.<\/span><span data-ccp-props=\"{&quot;201341983&quot;:0,&quot;335559739&quot;:160,&quot;335559740&quot;:259}\">\u00a0<\/span><\/p>\n<p><span data-contrast=\"auto\">Foram eleitos os seguintes conselheiros federais efetivos: Carlos Alberto Safatle (7.351-SP), Carlos Roberto de Castro (5.405-SP), Fl\u00e1via Vinhaes Santos (24.401-RJ), Maria de F\u00e1tima Miranda (4.226-PR), M\u00f4nica Beraldo Fabr\u00edcio da Silva (2.365-DF), Paulo Roberto Polli Lobo (950-SC). Os novos conselheiros federais suplentes ser\u00e3o Carlos Henrique Tibiri\u00e7\u00e1 Miranda (11.130-RJ), Denise Kassama Franco do Amaral (1.269-AM), Gilson de Lima Gar\u00f3falo (33.499-SP), Jos\u00e9lia Souza de Brito (1.288-SE), Omar Corr\u00eaa Mour\u00e3o Filho (823-PA) e Vicente Ferrer Augusto Gon\u00e7alves (1.625-CE).\u00a0<\/span><span data-ccp-props=\"{&quot;201341983&quot;:0,&quot;335559739&quot;:160,&quot;335559740&quot;:259}\">\u00a0<\/span><\/p>\n<p><b><span data-contrast=\"auto\">Perfil dos conselheiros efetivos eleitos<\/span><\/b><span data-ccp-props=\"{&quot;201341983&quot;:0,&quot;335559739&quot;:160,&quot;335559740&quot;:259}\">\u00a0<\/span><\/p>\n<p><b><span data-contrast=\"auto\">Carlos Alberto Safatle<\/span><\/b><span data-contrast=\"auto\"> \u2013 Graduado em economia pela Faculdade S\u00e3o Lu\u00eds, com mestrado em economia, contabilidade e administra\u00e7\u00e3o e doutorado em administra\u00e7\u00e3o pela Universidade Mackenzie. Tem vasta atua\u00e7\u00e3o no setor p\u00fablico e privado e tamb\u00e9m como docente.\u00a0<\/span><span data-ccp-props=\"{&quot;201341983&quot;:0,&quot;335559739&quot;:160,&quot;335559740&quot;:259}\">\u00a0<\/span><\/p>\n<p><b><span data-contrast=\"auto\">Carlos Roberto de Castro<\/span><\/b><span data-contrast=\"auto\"> \u2013 Graduado em Ci\u00eancias Econ\u00f4micas pela Pontif\u00edcia Universidade de S\u00e3o Paulo (PUC-SP), foi professor e chefe de departamento da Universidade de Mogi das Cruzes (UMC), professor de Contabilidade Social e de Desenvolvimento Socioecon\u00f4mico na Faculdade de Economia S\u00e3o Luiz, foi presidente do Conselho Regional de Economia de S\u00e3o Paulo (Corecon-SP), e do Conselho Federal de Economia (Cofecon). Sempre trabalhando na iniciativa privada, foi economista do Departamento de Economia da Associa\u00e7\u00e3o Brasileira da Ind\u00fastria T\u00eaxtil (ABIT) e Diretor Executivo da Associa\u00e7\u00e3o Brasileira de Fibras Artificiais e Sint\u00e9ticas (Abrafas).<\/span><span data-ccp-props=\"{&quot;201341983&quot;:0,&quot;335559739&quot;:160,&quot;335559740&quot;:259}\">\u00a0<\/span><\/p>\n<p><b><span data-contrast=\"auto\">Fl\u00e1via Vinhaes Santos<\/span><\/b><span data-contrast=\"auto\"> \u2013 Doutora em economia pela UFRJ, mestre em planejamento urbano e regional (IPPUR), com experi\u00eancia nas \u00e1reas de mercado de trabalho e prote\u00e7\u00e3o social. \u00c9 economista do IBGE na Coordena\u00e7\u00e3o de Emprego e Renda, tendo trabalhado na Coordena\u00e7\u00e3o de \u00cdndice de Pre\u00e7os. Trabalhou como economista plena da Petrobras Transportes S.A. <\/span><span data-contrast=\"auto\">\u00c9 professora de <\/span><span data-contrast=\"auto\">em diversas institui\u00e7\u00f5es de ensino superior e de p\u00f3s-gradua\u00e7\u00e3o. Presidente do Corecon-RJ.\u00a0<\/span><span data-ccp-props=\"{&quot;201341983&quot;:0,&quot;335559739&quot;:160,&quot;335559740&quot;:259}\">\u00a0<\/span><\/p>\n<p><b><span data-contrast=\"auto\">Maria de F\u00e1tima Miranda<\/span><\/b><span data-contrast=\"auto\"> \u2013 Professora da Universidade Estadual de Ponta Grossa. Ex-presidente do Corecon-PR.<\/span><span data-ccp-props=\"{&quot;201341983&quot;:0,&quot;335559739&quot;:160,&quot;335559740&quot;:259}\">\u00a0<\/span><\/p>\n<p><b><span data-contrast=\"auto\">M\u00f4nica Beraldo Fabr\u00edcio da Silva <\/span><\/b><span data-contrast=\"auto\">\u2013 Ex-presidente do Conselho Regional de Economia do DF. Presidente do Clube Soroptimista Internacional de Bras\u00edlia. Economista aposentada da Ag\u00eancia Nacional de Minera\u00e7\u00e3o. Graduada em Ci\u00eancias Econ\u00f4micas pela AEUDF, com especializa\u00e7\u00e3o em Engenharia Econ\u00f4mica e Economia Mineral.<\/span><span data-ccp-props=\"{&quot;201341983&quot;:0,&quot;335559739&quot;:160,&quot;335559740&quot;:259}\">\u00a0<\/span><\/p>\n<p><b><span data-contrast=\"auto\">Paulo Roberto Polli Lobo<\/span><\/b><span data-contrast=\"auto\"> \u2013 Graduado em Ci\u00eancias Econ\u00f4micas pela UFSC e MBA em gest\u00e3o empresarial pela Funda\u00e7\u00e3o Dom Cabral. Foi empregado das Centrais El\u00e9tricas de Santa Catarina (CELESC), tendo exercido cargo de assistente da Diretoria Econ\u00f4mico-Financeira no per\u00edodo de 1999 a 2002. Exerceu a atividade de conselheiro (fiscal) de diversas entidades. <\/span><span data-ccp-props=\"{&quot;201341983&quot;:0,&quot;335559739&quot;:160,&quot;335559740&quot;:259}\">\u00a0<\/span><\/p>\n<p><b><span data-contrast=\"auto\">Perfil dos conselheiros suplentes eleitos<\/span><\/b><span data-ccp-props=\"{&quot;201341983&quot;:0,&quot;335559739&quot;:160,&quot;335559740&quot;:259}\">\u00a0<\/span><\/p>\n<p><b><span data-contrast=\"auto\">Carlos Henrique Tibiri\u00e7\u00e1 Miranda<\/span><\/b><span data-contrast=\"auto\"> \u2013 Conselheiro do Corecon-RJ e do Cofecon. Diretor da Associa\u00e7\u00e3o dos Servidores da Funda\u00e7\u00e3o Getulio Vargas. Gradua\u00e7\u00e3o em economia pela FEA\/UFRJ, com especializa\u00e7\u00e3o em marketing pela EBAP\/FGV. Economista da Funda\u00e7\u00e3o Get\u00falio, atuando no Centro de Estudos Agr\u00edcolas, na Revista Agroanal\u00fdsis e no Instituto Brasileiro de Economia (IBRE\/FGV).<\/span><span data-ccp-props=\"{&quot;201341983&quot;:0,&quot;335559739&quot;:160,&quot;335559740&quot;:259}\">\u00a0<\/span><\/p>\n<p><b><span data-contrast=\"auto\">Denise Kassama Franco do Amaral<\/span><\/b><span data-contrast=\"auto\"> &#8211; Graduada em Ci\u00eancias Econ\u00f4micas pelo Centro Universit\u00e1rio de Ensino Superior do Amazonas e especializada em auditoria interna e externa. \u00c9 fundadora e coordenadora do grupo Economistas Solid\u00e1rios. \u00c9 conselheira regional do Corecon-AM e foi vice-presidente do Cofecon.<\/span><span data-ccp-props=\"{&quot;201341983&quot;:0,&quot;335559739&quot;:160,&quot;335559740&quot;:259}\">\u00a0<\/span><\/p>\n<p><b><span data-contrast=\"auto\">Gilson de Lima Gar\u00f3falo<\/span><\/b><span data-contrast=\"auto\"> \u2013 Economista, doutor e livre docente em economia pela Universidade de S\u00e3o Paulo (USP) e mestre em economia pela Universidade Vanderbilt (Estados Unidos). P\u00f3s-doutor pela Universidade de Boston (EUA) e pelo Centro Internacional de Aperfei\u00e7oamento T\u00e9cnico e Profissional da Organiza\u00e7\u00e3o Internacional do Trabalho (Turim \u2013 It\u00e1lia). Professor Associado da Faculdade de Economia, Administra\u00e7\u00e3o e Contabilidade da Universidade de S\u00e3o Paulo (FEA\/USP) e Professor Titular da Pontif\u00edcia Universidade Cat\u00f3lica de S\u00e3o Paulo (PUC-SP).<\/span><span data-ccp-props=\"{&quot;201341983&quot;:0,&quot;335559739&quot;:160,&quot;335559740&quot;:259}\">\u00a0<\/span><\/p>\n<p><b><span data-contrast=\"auto\">Jos\u00e9lia Souza de Brito<\/span><\/b><span data-contrast=\"auto\"> \u2013 Economista, advogada, t\u00e9cnica em contabilidade, mestre em desenvolvimento regional e gest\u00e3o de empreendimentos locais, especialista em contabilidade p\u00fablica e Lei de Responsabilidade, perita e diretora financeira da Defensoria P\u00fablica do Estado de Sergipe. <\/span><span data-ccp-props=\"{&quot;201341983&quot;:0,&quot;335559739&quot;:160,&quot;335559740&quot;:259}\">\u00a0<\/span><\/p>\n<p><b><span data-contrast=\"auto\">Omar Corr\u00eaa Mour\u00e3o Filho<\/span><\/b><span data-contrast=\"auto\"> \u2013 Economista aposentado da Secretaria de Estado de Agricultura (SAGRI); p\u00f3s-gradua\u00e7\u00e3o em gest\u00e3o de agroneg\u00f3cio, m\u00e9todos quantitativos em planejamento e elabora\u00e7\u00e3o, an\u00e1lise e avalia\u00e7\u00e3o de projetos. Ex-professor titular das FICOM, CESEP e UNESPA; presidente do IEPA em 1998 e 1999; presidente do Corecon-PA em 2002, 2004 e 2005, sendo que este ano, adquiriu com recursos pr\u00f3prios a sede do Corecon-PA; presidente do Sindecon-PA em 2003 e 2004; representante do Corecon-PA na condi\u00e7\u00e3o de Vogal na JUCEPA de 2003 a 2007; Diretor Regional Norte da Fenecon de 2004 a 2008; conselheiro federal do Cofecon de 2006 a 2012.<\/span><span data-ccp-props=\"{&quot;201341983&quot;:0,&quot;335559739&quot;:160,&quot;335559740&quot;:259}\">\u00a0<\/span><\/p>\n<p><b><span data-contrast=\"auto\">Vicente Ferrer Augusto Gon\u00e7alves<\/span><\/b><span data-contrast=\"auto\"> \u2013 Economista e p\u00f3s-graduado em marketing e mestre em economia pelo Curso de Forma\u00e7\u00e3o de Economistas do Nordeste (CAEN da UFC). Possui especializa\u00e7\u00e3o em Mercado Imobili\u00e1rio e Avaliador Imobili\u00e1rio. Assumiu por dois mandatos os cargos de presidente do Sindicato dos Economistas do Cear\u00e1 (SINDECON) e de presidente do Conselho Regional de Economia (Corecon). Foi conselheiro do Conselho Federal de Economia (Cofecon) e vice-presidente de Assuntos Sindicais da Federa\u00e7\u00e3o Nacional dos Economistas (Fenacon). Ambientalista, criou o Movimento Fortaleza mais (+) Verde, com o objetivo de ampliar a \u00e1rea verde da capital, al\u00e9m de reduzir o uso e consumo de materiais pl\u00e1sticos.<\/span><span data-ccp-props=\"{&quot;201341983&quot;:0,&quot;335559739&quot;:160,&quot;335559740&quot;:259}\">\u00a0<\/span><\/p>\n<p><b><span data-contrast=\"auto\">O processo eleitoral<\/span><\/b><span data-ccp-props=\"{&quot;201341983&quot;:0,&quot;335559739&quot;:160,&quot;335559740&quot;:259}\">\u00a0<\/span><\/p>\n<p><span data-contrast=\"auto\">O plen\u00e1rio do Conselho Federal de Economia possui 18 conselheiros efetivos e 18 suplentes, e \u00e9 dividido em tr\u00eas ter\u00e7os, cujos mandatos s\u00e3o de tr\u00eas anos, por\u00e9m n\u00e3o coincidentes (2020-22, 2021-23 e 2022-24). Desta forma, a cada ano um dos ter\u00e7os \u00e9 substitu\u00eddo por novos conselheiros, sendo permitida uma reelei\u00e7\u00e3o.<\/span><span data-ccp-props=\"{&quot;201341983&quot;:0,&quot;335559739&quot;:160,&quot;335559740&quot;:259}\">\u00a0<\/span><\/p>\n<p><span data-contrast=\"auto\">No m\u00eas de outubro, quando se realizam as elei\u00e7\u00f5es dos Conselhos Regionais de Economia, cada chapa inscrita cont\u00e9m um delegado-eleitor efetivo e um suplente. Estes s\u00e3o os respons\u00e1veis por participar da Assembleia \u2013 que foi realizada hoje, completando assim o processo iniciado com os votos da categoria.<\/span><span data-ccp-props=\"{&quot;201341983&quot;:0,&quot;335559739&quot;:160,&quot;335559740&quot;:259}\">\u00a0<\/span><\/p>\n<p><span data-contrast=\"auto\">Na Assembleia, cada delegado-eleitor det\u00e9m um n\u00famero de votos proporcional \u00e0 quantidade de economistas que se encontram adimplentes junto ao respectivo Regional: at\u00e9 o limite de 2.000, um voto para cada 100 economistas; e acima deste limite, um voto para cada 200.<\/span><span data-ccp-props=\"{&quot;201341983&quot;:0,&quot;335559739&quot;:160,&quot;335559740&quot;:259}\">\u00a0<\/span><\/p>\n<p><span data-contrast=\"auto\">Os candidatos eleitos pela Assembleia far\u00e3o parte do plen\u00e1rio do Cofecon no tri\u00eanio 2023-2025.<\/span><span data-ccp-props=\"{&quot;201341983&quot;:0,&quot;335559739&quot;:160,&quot;335559740&quot;:259}\">\u00a0<\/span><\/p>\n","protected":false},"excerpt":{"rendered":"<p>O Conselho Federal de Economia (Cofecon) realizou nesta quinta-feira, 1\u00ba de dezembro, a Assembleia de Delegados Eleitores, evento que re\u00fane um representante de cada Conselho Regional de Economia para eleger conselheiros federais com mandato no tri\u00eanio 2023-2025. O evento ocorreu<\/p>\n<p><a class=\"more-link\" href=\"https:\/\/cofecon.org.br\/cofecon\/?p=19325\">Leia Mais<\/a><\/p>\n","protected":false},"author":1,"featured_media":19327,"comment_status":"closed","ping_status":"closed","sticky":false,"template":"","format":"standard","meta":{"footnotes":""},"categories":[2],"tags":[],"class_list":["post-19325","post","type-post","status-publish","format-standard","has-post-thumbnail","hentry","category-noticias"],"_links":{"self":[{"href":"https:\/\/cofecon.org.br\/cofecon\/index.php?rest_route=\/wp\/v2\/posts\/19325"}],"collection":[{"href":"https:\/\/cofecon.org.br\/cofecon\/index.php?rest_route=\/wp\/v2\/posts"}],"about":[{"href":"https:\/\/cofecon.org.br\/cofecon\/index.php?rest_route=\/wp\/v2\/types\/post"}],"author":[{"embeddable":true,"href":"https:\/\/cofecon.org.br\/cofecon\/index.php?rest_route=\/wp\/v2\/users\/1"}],"replies":[{"embeddable":true,"href":"https:\/\/cofecon.org.br\/cofecon\/index.php?rest_route=%2Fwp%2Fv2%2Fcomments&post=19325"}],"version-history":[{"count":0,"href":"https:\/\/cofecon.org.br\/cofecon\/index.php?rest_route=\/wp\/v2\/posts\/19325\/revisions"}],"wp:featuredmedia":[{"embeddable":true,"href":"https:\/\/cofecon.org.br\/cofecon\/index.php?rest_route=\/wp\/v2\/media\/19327"}],"wp:attachment":[{"href":"https:\/\/cofecon.org.br\/cofecon\/index.php?rest_route=%2Fwp%2Fv2%2Fmedia&parent=19325"}],"wp:term":[{"taxonomy":"category","embeddable":true,"href":"https:\/\/cofecon.org.br\/cofecon\/index.php?rest_route=%2Fwp%2Fv2%2Fcategories&post=19325"},{"taxonomy":"post_tag","embeddable":true,"href":"https:\/\/cofecon.org.br\/cofecon\/index.php?rest_route=%2Fwp%2Fv2%2Ftags&post=19325"}],"curies":[{"name":"wp","href":"https:\/\/api.w.org\/{rel}","templated":true}]}}