{"id":19322,"date":"2022-11-30T12:16:54","date_gmt":"2022-11-30T15:16:54","guid":{"rendered":"https:\/\/www.cofecon.org.br\/?p=19322"},"modified":"2022-11-30T12:16:54","modified_gmt":"2022-11-30T15:16:54","slug":"lancamento-do-livro-brasil-200-anos-de-independencia-e-divida","status":"publish","type":"post","link":"https:\/\/cofecon.org.br\/cofecon\/?p=19322","title":{"rendered":"Lan\u00e7amento do livro: Brasil, 200 anos de (in)depend\u00eancia e d\u00edvida"},"content":{"rendered":"<p><em>No marco do bicenten\u00e1rio da independ\u00eancia do Brasil, a publica\u00e7\u00e3o reflete sobre as d\u00edvidas sociais acumuladas e chama aten\u00e7\u00e3o para as repara\u00e7\u00f5es necess\u00e1rias e urgentes<\/em><\/p>\n<p>As comemora\u00e7\u00f5es pelo bicenten\u00e1rio da independ\u00eancia do Brasil se deram num cen\u00e1rio de campanha para as elei\u00e7\u00f5es gerais no pa\u00eds, com o governo do atual presidente fazendo uso eleitoral da data que deveria ter mobilizado uma ampla reflex\u00e3o pol\u00edtica, econ\u00f4mica e social a respeito do momento em que a na\u00e7\u00e3o se encontra, diante da movimenta\u00e7\u00e3o geopol\u00edtica em curso no mundo, com grande impacto para os pa\u00edses do Sul global.<\/p>\n<p>\u201cNada mais substancialmente profundo que completar 200 anos de independ\u00eancia no contexto que temos. O atual governo explicita as contradi\u00e7\u00f5es mais profundas da constru\u00e7\u00e3o hist\u00f3rica, cultural, social, pol\u00edtica e econ\u00f4mica do Brasil\u201d, destaca a organizadora do livro, Sandra Quintela, que \u00e9 economista, educadora popular e articuladora da Rede Jubileu Sul Brasil.<\/p>\n<p>Explicitando a cr\u00edtica da Rede a respeito dos eventos que marcaram a data hist\u00f3rica, Sandra completa: \u201ca independ\u00eancia se fez a partir da garantia de que quest\u00f5es como a posse, o controle da terra, o trabalho escravo e os privil\u00e9gios da elite n\u00e3o fossem tocadas. Estamos falando de uma na\u00e7\u00e3o que nasceu de costas para seu povo, comprada por uma d\u00edvida com Portugal que se acumulou com a d\u00edvida que o pa\u00eds j\u00e1 tinha com a Inglaterra e que, sem pudor ou vergonha, foi transferida para o povo brasileiro. Entretanto, esse processo n\u00e3o foi tranquilo. Houve resist\u00eancia e ainda h\u00e1. Diversas\u201d.<\/p>\n<h2><strong>Leitura cr\u00edtica<\/strong><\/h2>\n<p>A ideia da cr\u00edtica hist\u00f3rica e econ\u00f4mica est\u00e1 assinalada no pr\u00f3prio nome do livro que coloca o prefixo \u201cin\u201d entre par\u00eanteses \u2014 (in)depend\u00eancia \u2014 indicando que estamos falando de um processo incompleto, cheio de debilidades e incoer\u00eancias em sua g\u00eanese.<\/p>\n<p>\u201cOs 13 artigos compartilhados na publica\u00e7\u00e3o indicam um caminho de leitura cr\u00edtica a respeito da independ\u00eancia ainda a se realizar, especialmente para a popula\u00e7\u00e3o brasileira empobrecida, que luta por direitos fundamentais\u201d, destaca o texto de apresenta\u00e7\u00e3o da obra que tem entre seus autores nomes que se identificam e se completam no esfor\u00e7o de propor caminhos para a constru\u00e7\u00e3o da verdadeira independ\u00eancia que o popula\u00e7\u00e3o brasileiro merece e para a qual, com sensata teimosa e ativa esperan\u00e7a, n\u00e3o mede esfor\u00e7os em se organizar e mobilizar, a partir dos povos, dos territ\u00f3rios e dos espa\u00e7os de resist\u00eancia.<\/p>\n<p>Os artigos s\u00e3o assinados por: Alessandra Miranda, Alfredo J. Gon\u00e7alves, Aline Miglioli, Andr\u00e9 Lima Sousa, Dirlene Marques, Fabio Luis Barbosa dos Santos, Helder Gomes, Jos\u00e9 Valdeci Santos Mendes, Luis Fernando Novoa Garzon, Magn\u00f3lia Said, Marcos Arruda, Nilo Sergio Arag\u00e3o, Polly Policarpo, Rosa Marques, Rosilene Wansetto, Secretaria Nacional do Grito dos Exclu\u00eddos e Exclu\u00eddas, Sandra Quintela e Virg\u00ednia Fontes.<\/p>\n<p>A publica\u00e7\u00e3o \u00e9 uma iniciativa da Rede Jubileu Sul Brasil em parceria com a 6\u00aa Semana Social Brasileira e Grito dos Exclu\u00eddos e Exclu\u00eddas. O formato permite que os artigos possam ser usados como instrumento de forma\u00e7\u00e3o em momentos coletivos como rodas de conversa, semin\u00e1rios ou encontros, al\u00e9m de tamb\u00e9m poderem ser lidos de forma espont\u00e2nea, individualmente. Trata-se de um conte\u00fado valioso para movimentos populares, organiza\u00e7\u00f5es sociais, educadores\/as populares e estudantes.<\/p>\n<p>O livro impresso ser\u00e1 distribu\u00eddo em diversas cidades do pa\u00eds. Como forma de contribuir para que este conte\u00fado alcance um n\u00famero maior de pessoas, a Rede Jubileu Sul Brasil disponibilizou uma chave pix e incentiva a contribui\u00e7\u00e3o solid\u00e1ria de R$ 20 por exemplar, al\u00e9m de doa\u00e7\u00f5es a partir de R$ 50 ou outros valores para que as equipes possam distribuir o livro a quem n\u00e3o tem como fazer uma contribui\u00e7\u00e3o solid\u00e1ria. A primeira tiragem foi de 1.000 exemplares.<\/p>\n<h2><strong>Programa\u00e7\u00e3o de lan\u00e7amentos<\/strong><\/h2>\n<p>Durante todo m\u00eas de novembro v\u00e1rios eventos v\u00e3o marcar o lan\u00e7amento da publica\u00e7\u00e3o em diversas cidades do Brasil. Acompanhe a programa\u00e7\u00e3o atualizada nas redes sociais do Jubileu Sul Brasil, 6\u00aa Semana Social Brasileira e Grito dos Exclu\u00eddos e Exclu\u00eddas. Todos os eventos de lan\u00e7amento contar\u00e3o com a presen\u00e7a de autores da obra.<\/p>\n<h2 id=\"h-eventos-agendados\">Eventos agendados<\/h2>\n<div class=\"is-layout-flow wp-block-group\">\n<div class=\"wp-block-group__inner-container\">\n<div class=\"is-layout-flex wp-container-5 wp-block-columns\">\n<div class=\"is-layout-flow wp-block-column is-vertically-aligned-center\">\n<p><strong>01\/12 \u2013 Lan\u00e7amento em Fortaleza (CE)<\/strong><br \/>\nLocal: a confirmar<br \/>\nHor\u00e1rio: 18h30<\/p>\n<p><strong>08\/12 \u2013 Lan\u00e7amento em Vit\u00f3ria (ES)<\/strong><br \/>\nLocal: Tr\u00edplex Vermelho<br \/>\nPra\u00e7a Costa Pereira \u2013 Centro \u2013 Vit\u00f3ria<br \/>\nAutor presente: Helder Gomes<\/p>\n<p><strong>14\/12 \u2013 Lan\u00e7amento em Cariri (CE)<\/strong><br \/>\nLocal\/hor\u00e1rio: a confirmar<\/p>\n<p>A publica\u00e7\u00e3o no formato digital tamb\u00e9m est\u00e1 dispon\u00edvel na\u00a0<a href=\"https:\/\/jubileusul.org.br\/biblioteca\/\">biblioteca<\/a>\u00a0da Rede Jubileu e das organiza\u00e7\u00f5es parceiras.<\/p>\n<p><strong>Chave PIX para doa\u00e7\u00f5es solid\u00e1rias:<\/strong><br \/>\nPIX: 08.623.218\/0001-04 (CNPJ)<br \/>\nBanco do Brasil<br \/>\nTitular: Instituto Rede Jubileu Sul Brasil<\/p>\n<p>Fonte: <a href=\"https:\/\/jubileusul.org.br\/noticias\/lancamento-brasil-200-anos-de-independencia-e-divida\/\">Rede Jubileu Sul Brasil<\/a><\/p>\n<\/div>\n<\/div>\n<\/div>\n<\/div>\n","protected":false},"excerpt":{"rendered":"<p>No marco do bicenten\u00e1rio da independ\u00eancia do Brasil, a publica\u00e7\u00e3o reflete sobre as d\u00edvidas sociais acumuladas e chama aten\u00e7\u00e3o para as repara\u00e7\u00f5es necess\u00e1rias e urgentes As comemora\u00e7\u00f5es pelo bicenten\u00e1rio da independ\u00eancia do Brasil se deram num cen\u00e1rio de campanha para<\/p>\n<p><a class=\"more-link\" href=\"https:\/\/cofecon.org.br\/cofecon\/?p=19322\">Leia Mais<\/a><\/p>\n","protected":false},"author":1,"featured_media":19323,"comment_status":"closed","ping_status":"closed","sticky":false,"template":"","format":"standard","meta":{"footnotes":""},"categories":[2],"tags":[],"class_list":["post-19322","post","type-post","status-publish","format-standard","has-post-thumbnail","hentry","category-noticias"],"_links":{"self":[{"href":"https:\/\/cofecon.org.br\/cofecon\/index.php?rest_route=\/wp\/v2\/posts\/19322"}],"collection":[{"href":"https:\/\/cofecon.org.br\/cofecon\/index.php?rest_route=\/wp\/v2\/posts"}],"about":[{"href":"https:\/\/cofecon.org.br\/cofecon\/index.php?rest_route=\/wp\/v2\/types\/post"}],"author":[{"embeddable":true,"href":"https:\/\/cofecon.org.br\/cofecon\/index.php?rest_route=\/wp\/v2\/users\/1"}],"replies":[{"embeddable":true,"href":"https:\/\/cofecon.org.br\/cofecon\/index.php?rest_route=%2Fwp%2Fv2%2Fcomments&post=19322"}],"version-history":[{"count":0,"href":"https:\/\/cofecon.org.br\/cofecon\/index.php?rest_route=\/wp\/v2\/posts\/19322\/revisions"}],"wp:featuredmedia":[{"embeddable":true,"href":"https:\/\/cofecon.org.br\/cofecon\/index.php?rest_route=\/wp\/v2\/media\/19323"}],"wp:attachment":[{"href":"https:\/\/cofecon.org.br\/cofecon\/index.php?rest_route=%2Fwp%2Fv2%2Fmedia&parent=19322"}],"wp:term":[{"taxonomy":"category","embeddable":true,"href":"https:\/\/cofecon.org.br\/cofecon\/index.php?rest_route=%2Fwp%2Fv2%2Fcategories&post=19322"},{"taxonomy":"post_tag","embeddable":true,"href":"https:\/\/cofecon.org.br\/cofecon\/index.php?rest_route=%2Fwp%2Fv2%2Ftags&post=19322"}],"curies":[{"name":"wp","href":"https:\/\/api.w.org\/{rel}","templated":true}]}}