{"id":19310,"date":"2022-11-29T16:02:58","date_gmt":"2022-11-29T19:02:58","guid":{"rendered":"https:\/\/www.cofecon.org.br\/?p=19310"},"modified":"2022-11-29T16:02:58","modified_gmt":"2022-11-29T19:02:58","slug":"compra-consciente-e-planejada-e-o-caminho-para-evitar-dividas","status":"publish","type":"post","link":"https:\/\/cofecon.org.br\/cofecon\/?p=19310","title":{"rendered":"Compra consciente e planejada \u00e9 o caminho para evitar d\u00edvidas"},"content":{"rendered":"<p><span data-contrast=\"auto\">\u201cO desafio \u00e9 comprar sem se desorganizar, ficar longe de ofertas disfar\u00e7adas de golpe e usar o cart\u00e3o de cr\u00e9dito com cautela.\u201d Essas s\u00e3o as principais dicas que a conselheira do Cofecon Ana Claudia Arruda deu aos consumidores durante a Black Friday em entrevista \u00e0 r\u00e1dio CBN Recife.<\/span><span data-ccp-props=\"{&quot;201341983&quot;:0,&quot;335559740&quot;:276}\">\u00a0<\/span><\/p>\n<p><span data-contrast=\"auto\">A Black Friday \u00e9 o dia que inaugura a temporada de compras natalinas com promo\u00e7\u00f5es em diversas lojas, ap\u00f3s o Dia de A\u00e7\u00e3o de Gra\u00e7as nos Estados Unidos. Ana Claudia refor\u00e7ou que neste per\u00edodo \u00e9 preciso comparar pre\u00e7os e levantar necessidades para n\u00e3o comprar inconscientemente.<\/span><span data-ccp-props=\"{&quot;201341983&quot;:0,&quot;335559740&quot;:276}\">\u00a0<\/span><\/p>\n<p><span data-contrast=\"auto\">\u201c\u00c9 preciso comprar com responsabilidade pensando que a conta vai chegar l\u00e1 na frente. As compras por impulso chegam p<\/span><span data-contrast=\"auto\">ara o cart\u00e3o de cr\u00e9dito. Quando voc\u00ea paga na data correta, \u00e9 muito bom, mas se atrasa, as taxas de juros s\u00e3o absurdas\u201d, ressaltou.\u00a0<\/span><span data-ccp-props=\"{&quot;201341983&quot;:0,&quot;335559740&quot;:276}\">\u00a0<\/span><\/p>\n<p><span data-contrast=\"auto\">A economista refor\u00e7ou que os gastos com cart\u00e3o n\u00e3o devem ultrapassar 30% da renda mensal para se ter uma boa organiza\u00e7\u00e3o financeira. O segredo, segundo Ana Claudia, \u00e9 ter consumo consciente. \u201cTemos que ter o dinheiro suficiente para cobrir os custos das d\u00edvidas, saber usar o cart\u00e3o com sabedoria e saber que os juros quando voc\u00ea n\u00e3o consegue pagar s\u00e3o muito altos\u201d, relembrou. \u201cA gente tem que praticar isso e a nossa sociedade tem que partir para isso.\u201d<\/span><span data-ccp-props=\"{&quot;201341983&quot;:0,&quot;335559740&quot;:276}\">\u00a0<\/span><\/p>\n<p><b><span data-contrast=\"auto\">Data movimenta o e-commerce<\/span><\/b><span data-ccp-props=\"{&quot;201341983&quot;:0,&quot;335559740&quot;:276}\">\u00a0<\/span><\/p>\n<p><span data-contrast=\"auto\">Segundo levantamento da Sociedade Brasileira do Varejo e Consumo, 82% das pessoas pretendiam antecipar as compras de final de ano na Black Friday. As compras tamb\u00e9m movimentam o com\u00e9rcio on-line devido \u00e0 praticidade de n\u00e3o ter que se deslocar para ir \u00e0s compras. Ana Claudia pondera que o pa\u00eds \u201ctem um com\u00e9rcio muito intenso no e-commerce\u201d.\u00a0<\/span><span data-ccp-props=\"{&quot;201341983&quot;:0,&quot;335559740&quot;:276}\">\u00a0<\/span><\/p>\n<p><span data-contrast=\"auto\">A Copa do Mundo do Catar tamb\u00e9m proporciona uma maior venda de produtos. Segundo a conselheira, \u201cesse clima impulsiona muito\u201d o com\u00e9rcio. \u201cAs vendas de TV e tel\u00f5es aumentaram, com pre\u00e7os menores, e continuam com pre\u00e7os mais baixos para as pessoas que querem assistir aos jogos\u201d, afirmou.\u00a0<\/span><span data-ccp-props=\"{&quot;201341983&quot;:0,&quot;335559740&quot;:276}\">\u00a0<\/span><\/p>\n<p><b><span data-contrast=\"auto\">Estoques baixos<\/span><\/b><span data-ccp-props=\"{&quot;201341983&quot;:0,&quot;335559740&quot;:276}\">\u00a0<\/span><\/p>\n<p><span data-contrast=\"auto\">A piora nas condi\u00e7\u00f5es econ\u00f4micas do pa\u00eds, com a alta na infla\u00e7\u00e3o, provocou uma consequ\u00eancia nas empresas: os estoques baixos. \u201cAlgumas empresas n\u00e3o ofertaram condi\u00e7\u00f5es melhores aos consumidores, n\u00e3o conseguiram dar conta, em fun\u00e7\u00e3o das condi\u00e7\u00f5es de cr\u00e9dito e problemas de taxa de juros\u201d, explicou Ana Claudia. \u201cO aumento das despesas levou aos estoques baixos.&#8221;<\/span><span data-ccp-props=\"{&quot;201341983&quot;:0,&quot;335559740&quot;:276}\">\u00a0<\/span><\/p>\n<p><span data-contrast=\"auto\">A conselheira reafirma, portanto, que esse \u00e9 o momento de revis\u00e3o do que vamos enfrentar daqui pra frente na economia e do processo de consumo: \u201c\u00e9 preciso comprar de maneira consciente e ter cuidado com as ofertas muitas vezes disfar\u00e7adas de golpe\u201d.<\/span><span data-ccp-props=\"{&quot;201341983&quot;:0,&quot;335559740&quot;:276}\">\u00a0<\/span><\/p>\n<p>Para escutar a entrevista na \u00edntegra, clique <a href=\"https:\/\/soundcloud.com\/cbnrecife-com\/conversadas15h-black-friday?si=8697b0f5f6484180ad88c2e9982b3631&amp;utm_source=clipboard&amp;utm_medium=text&amp;utm_campaign=social_sharing\">AQUI<\/a>.<\/p>\n<p><span data-ccp-props=\"{&quot;201341983&quot;:0,&quot;335559740&quot;:276}\">\u00a0<\/span><\/p>\n","protected":false},"excerpt":{"rendered":"<p>\u201cO desafio \u00e9 comprar sem se desorganizar, ficar longe de ofertas disfar\u00e7adas de golpe e usar o cart\u00e3o de cr\u00e9dito com cautela.\u201d Essas s\u00e3o as principais dicas que a conselheira do Cofecon Ana Claudia Arruda deu aos consumidores durante a<\/p>\n<p><a class=\"more-link\" href=\"https:\/\/cofecon.org.br\/cofecon\/?p=19310\">Leia Mais<\/a><\/p>\n","protected":false},"author":1,"featured_media":19311,"comment_status":"closed","ping_status":"closed","sticky":false,"template":"","format":"standard","meta":{"footnotes":""},"categories":[2],"tags":[],"class_list":["post-19310","post","type-post","status-publish","format-standard","has-post-thumbnail","hentry","category-noticias"],"_links":{"self":[{"href":"https:\/\/cofecon.org.br\/cofecon\/index.php?rest_route=\/wp\/v2\/posts\/19310"}],"collection":[{"href":"https:\/\/cofecon.org.br\/cofecon\/index.php?rest_route=\/wp\/v2\/posts"}],"about":[{"href":"https:\/\/cofecon.org.br\/cofecon\/index.php?rest_route=\/wp\/v2\/types\/post"}],"author":[{"embeddable":true,"href":"https:\/\/cofecon.org.br\/cofecon\/index.php?rest_route=\/wp\/v2\/users\/1"}],"replies":[{"embeddable":true,"href":"https:\/\/cofecon.org.br\/cofecon\/index.php?rest_route=%2Fwp%2Fv2%2Fcomments&post=19310"}],"version-history":[{"count":0,"href":"https:\/\/cofecon.org.br\/cofecon\/index.php?rest_route=\/wp\/v2\/posts\/19310\/revisions"}],"wp:featuredmedia":[{"embeddable":true,"href":"https:\/\/cofecon.org.br\/cofecon\/index.php?rest_route=\/wp\/v2\/media\/19311"}],"wp:attachment":[{"href":"https:\/\/cofecon.org.br\/cofecon\/index.php?rest_route=%2Fwp%2Fv2%2Fmedia&parent=19310"}],"wp:term":[{"taxonomy":"category","embeddable":true,"href":"https:\/\/cofecon.org.br\/cofecon\/index.php?rest_route=%2Fwp%2Fv2%2Fcategories&post=19310"},{"taxonomy":"post_tag","embeddable":true,"href":"https:\/\/cofecon.org.br\/cofecon\/index.php?rest_route=%2Fwp%2Fv2%2Ftags&post=19310"}],"curies":[{"name":"wp","href":"https:\/\/api.w.org\/{rel}","templated":true}]}}