{"id":19306,"date":"2022-11-29T14:08:15","date_gmt":"2022-11-29T17:08:15","guid":{"rendered":"https:\/\/www.cofecon.org.br\/?p=19306"},"modified":"2022-11-29T14:08:15","modified_gmt":"2022-11-29T17:08:15","slug":"nao-pode-ser-pior-que-o-atual-desgoverno","status":"publish","type":"post","link":"https:\/\/cofecon.org.br\/cofecon\/?p=19306","title":{"rendered":"N\u00e3o pode ser pior que o atual desgoverno"},"content":{"rendered":"<p><em>Originalmente publicado no jornal O Povo.\u00a0<\/em><\/p>\n<p><strong>Por Fernando de Aquino, economista, conselheiro e coordenador da Comiss\u00e3o de Pol\u00edtica Econ\u00f4mica do Cofecon<\/strong><\/p>\n<p><span data-contrast=\"auto\">Tamb\u00e9m na economia, <\/span><span data-contrast=\"auto\">\u00e9 dif\u00edcil identificar um governo<\/span><span data-contrast=\"auto\">, no Brasil, pior que o atual. Certamente o maior erro foi no enfrentamento da pandemia, em que contribuiu para elevar as perdas de nosso bem mais valioso, as vidas humanas, com campanha contr\u00e1ria ao distanciamento social e atrasos na disponibiliza\u00e7\u00e3o de vacinas. Mesmo dizendo priorizar a economia, os resultados em termos de produ\u00e7\u00e3o foram desastrosos \u2013 em todo per\u00edodo do atual governo, o PIB no Brasil cresceu 1,1% a.a., enquanto no mundo, 2,2% a.a., e na China, 4,8% a.a. <\/span><span data-contrast=\"none\">(estimativas FMI), com todos enfrentando a mesma pandemia. No<\/span><span data-contrast=\"none\"> \u00cdndice de Desenvolvimento Humano (IDH), o Brasil <\/span><span data-contrast=\"none\">caiu 8 posi\u00e7\u00f5es no mundo, da 79\u00aa, em 2018, para a 87\u00aa, em 2021 (PNUD).<\/span><span data-ccp-props=\"{&quot;201341983&quot;:0,&quot;335551550&quot;:6,&quot;335551620&quot;:6,&quot;335559739&quot;:240,&quot;335559740&quot;:240}\">\u00a0<\/span><\/p>\n<p><span data-contrast=\"none\">A expans\u00e3o das redes sociais trouxe com ela uma dissemina\u00e7\u00e3o de <\/span><i><span data-contrast=\"none\">fake news<\/span><\/i><span data-contrast=\"none\"> sem precedentes, muitas elaboradas, criteriosamente, para ativar gatilhos, como o do \u201ccomunismo\u201d, que relacionaram ao medo de perdas, patrimoniais e afetivas. Existem os medos menos fantasiosos, de pagar mais impostos e sal\u00e1rios e de restri\u00e7\u00f5es a produzir polui\u00e7\u00e3o e degrada\u00e7\u00e3o ambiental. Preferem defender a suposta efici\u00eancia e meritocracia do livre mercado, com destrui\u00e7\u00e3o de institui\u00e7\u00f5es e pol\u00edticas p\u00fablicas patrocinada pelo atual governo, desde que seus privil\u00e9gios sejam mantidos.<\/span><span data-ccp-props=\"{&quot;201341983&quot;:0,&quot;335551550&quot;:6,&quot;335551620&quot;:6,&quot;335559731&quot;:708,&quot;335559739&quot;:240,&quot;335559740&quot;:240}\">\u00a0<\/span><\/p>\n<p><span data-contrast=\"none\">O Governo Lula ter\u00e1 uma proposta diferente da abordagem liberal na economia, de estabilizar regras e evitar interven\u00e7\u00f5es pol\u00edticas para o setor privado promover um crescimento sustent\u00e1vel, eficiente e meritocr\u00e1tico. Para o governo eleito, essa abordagem n\u00e3o funciona satisfatoriamente, pois os resultados dependem de interven\u00e7\u00f5es pol\u00edticas abrangentes, mesmo que os riscos de desperd\u00edcios e desvios aumentem. Tem-se que lidar com isso, buscando minimiz\u00e1-los, uma vez que o mercado sozinho n\u00e3o promove crescimento inclusivo e em ritmo satisfat\u00f3rio.<\/span><span data-ccp-props=\"{&quot;201341983&quot;:0,&quot;335551550&quot;:6,&quot;335551620&quot;:6,&quot;335559731&quot;:708,&quot;335559739&quot;:240,&quot;335559740&quot;:240}\">\u00a0<\/span><\/p>\n<p><span data-contrast=\"none\">Assim, a primeira necessidade ser\u00e1 restaurar institui\u00e7\u00f5es e pol\u00edticas p\u00fablicas. O governo eleito tem sinalizado que n\u00e3o mais precisar\u00e1 fazer concess<\/span><span data-contrast=\"none\">\u00f5es<\/span><span data-contrast=\"none\"> demasiadas ao mercado financeiro, como fez ao manter a pol\u00edtica macroecon\u00f4mica anterior, no primeiro mandato de Lula. Existem v\u00e1rias formas de garantir \u201cresponsabilidade fiscal\u201d, para o controle do endividamento p\u00fablico \u2013 gastar-crescer-pagar, reduzir isen\u00e7\u00f5es fiscais, viabilizar menores taxas de juros, taxar lucros e dividendos distribu\u00eddos.<\/span><span data-ccp-props=\"{&quot;201341983&quot;:0,&quot;335551550&quot;:6,&quot;335551620&quot;:6,&quot;335559731&quot;:708,&quot;335559739&quot;:240,&quot;335559740&quot;:240}\">\u00a0<\/span><\/p>\n","protected":false},"excerpt":{"rendered":"<p>Originalmente publicado no jornal O Povo.\u00a0 Por Fernando de Aquino, economista, conselheiro e coordenador da Comiss\u00e3o de Pol\u00edtica Econ\u00f4mica do Cofecon Tamb\u00e9m na economia, \u00e9 dif\u00edcil identificar um governo, no Brasil, pior que o atual. Certamente o maior erro foi<\/p>\n<p><a class=\"more-link\" href=\"https:\/\/cofecon.org.br\/cofecon\/?p=19306\">Leia Mais<\/a><\/p>\n","protected":false},"author":1,"featured_media":19307,"comment_status":"closed","ping_status":"closed","sticky":false,"template":"","format":"standard","meta":{"footnotes":""},"categories":[2],"tags":[],"class_list":["post-19306","post","type-post","status-publish","format-standard","has-post-thumbnail","hentry","category-noticias"],"_links":{"self":[{"href":"https:\/\/cofecon.org.br\/cofecon\/index.php?rest_route=\/wp\/v2\/posts\/19306"}],"collection":[{"href":"https:\/\/cofecon.org.br\/cofecon\/index.php?rest_route=\/wp\/v2\/posts"}],"about":[{"href":"https:\/\/cofecon.org.br\/cofecon\/index.php?rest_route=\/wp\/v2\/types\/post"}],"author":[{"embeddable":true,"href":"https:\/\/cofecon.org.br\/cofecon\/index.php?rest_route=\/wp\/v2\/users\/1"}],"replies":[{"embeddable":true,"href":"https:\/\/cofecon.org.br\/cofecon\/index.php?rest_route=%2Fwp%2Fv2%2Fcomments&post=19306"}],"version-history":[{"count":0,"href":"https:\/\/cofecon.org.br\/cofecon\/index.php?rest_route=\/wp\/v2\/posts\/19306\/revisions"}],"wp:featuredmedia":[{"embeddable":true,"href":"https:\/\/cofecon.org.br\/cofecon\/index.php?rest_route=\/wp\/v2\/media\/19307"}],"wp:attachment":[{"href":"https:\/\/cofecon.org.br\/cofecon\/index.php?rest_route=%2Fwp%2Fv2%2Fmedia&parent=19306"}],"wp:term":[{"taxonomy":"category","embeddable":true,"href":"https:\/\/cofecon.org.br\/cofecon\/index.php?rest_route=%2Fwp%2Fv2%2Fcategories&post=19306"},{"taxonomy":"post_tag","embeddable":true,"href":"https:\/\/cofecon.org.br\/cofecon\/index.php?rest_route=%2Fwp%2Fv2%2Ftags&post=19306"}],"curies":[{"name":"wp","href":"https:\/\/api.w.org\/{rel}","templated":true}]}}