{"id":19300,"date":"2022-11-25T17:56:38","date_gmt":"2022-11-25T20:56:38","guid":{"rendered":"https:\/\/www.cofecon.org.br\/?p=19300"},"modified":"2022-11-25T17:56:38","modified_gmt":"2022-11-25T20:56:38","slug":"podcast-economistas-a-pec-da-transicao-afeta-a-estabilidade-fiscal","status":"publish","type":"post","link":"https:\/\/cofecon.org.br\/cofecon\/?p=19300","title":{"rendered":"Podcast Economistas: a PEC da transi\u00e7\u00e3o afeta a estabilidade fiscal?"},"content":{"rendered":"<p>A PEC da Transi\u00e7\u00e3o, que retira do teto de gastos os valores necess\u00e1rios para o pagamento do Bolsa-Fam\u00edlia e de um pacote de investimentos federais, tem levantado muita discuss\u00e3o. Ela vem sendo negociada com o Congresso Nacional. Por um lado, ela vem sendo muito questionada, sob o argumento de que torna insustent\u00e1vel o equil\u00edbrio fiscal; por outro, qual o impacto desta PEC sobre o or\u00e7amento p\u00fablico? H\u00e1 um descontrole de gastos? E que diferen\u00e7a h\u00e1 entre o or\u00e7amento de uma fam\u00edlia e o or\u00e7amento p\u00fablico?<\/p>\n<p>No podcast Economistas desta semana, Denise Gentil, J\u00falio Miragaya e Ladislau Dowbor falam sobre o assunto. Ele pode ser acessado nas plataformas Anchor, Breaker, Deezer, Google Podcasts, Apple Podcasts, Overcast, Pocket Casts, RadioPublic e Spotify ou pelo player abaixo:<\/p>\n<p><iframe loading=\"lazy\" src=\"https:\/\/anchor.fm\/economistas-cofecon\/embed\/episodes\/70---A-PEC-da-transio-afeta-a-estabilidade-fiscal-e1raf5f\" width=\"800px\" height=\"204px\" frameborder=\"0\" scrolling=\"no\"><\/iframe><\/p>\n","protected":false},"excerpt":{"rendered":"<p>A PEC da Transi\u00e7\u00e3o, que retira do teto de gastos os valores necess\u00e1rios para o pagamento do Bolsa-Fam\u00edlia e de um pacote de investimentos federais, tem levantado muita discuss\u00e3o. Ela vem sendo negociada com o Congresso Nacional. Por um lado,<\/p>\n<p><a class=\"more-link\" href=\"https:\/\/cofecon.org.br\/cofecon\/?p=19300\">Leia Mais<\/a><\/p>\n","protected":false},"author":1,"featured_media":19301,"comment_status":"closed","ping_status":"closed","sticky":false,"template":"","format":"standard","meta":{"footnotes":""},"categories":[2],"tags":[],"class_list":["post-19300","post","type-post","status-publish","format-standard","has-post-thumbnail","hentry","category-noticias"],"_links":{"self":[{"href":"https:\/\/cofecon.org.br\/cofecon\/index.php?rest_route=\/wp\/v2\/posts\/19300"}],"collection":[{"href":"https:\/\/cofecon.org.br\/cofecon\/index.php?rest_route=\/wp\/v2\/posts"}],"about":[{"href":"https:\/\/cofecon.org.br\/cofecon\/index.php?rest_route=\/wp\/v2\/types\/post"}],"author":[{"embeddable":true,"href":"https:\/\/cofecon.org.br\/cofecon\/index.php?rest_route=\/wp\/v2\/users\/1"}],"replies":[{"embeddable":true,"href":"https:\/\/cofecon.org.br\/cofecon\/index.php?rest_route=%2Fwp%2Fv2%2Fcomments&post=19300"}],"version-history":[{"count":0,"href":"https:\/\/cofecon.org.br\/cofecon\/index.php?rest_route=\/wp\/v2\/posts\/19300\/revisions"}],"wp:featuredmedia":[{"embeddable":true,"href":"https:\/\/cofecon.org.br\/cofecon\/index.php?rest_route=\/wp\/v2\/media\/19301"}],"wp:attachment":[{"href":"https:\/\/cofecon.org.br\/cofecon\/index.php?rest_route=%2Fwp%2Fv2%2Fmedia&parent=19300"}],"wp:term":[{"taxonomy":"category","embeddable":true,"href":"https:\/\/cofecon.org.br\/cofecon\/index.php?rest_route=%2Fwp%2Fv2%2Fcategories&post=19300"},{"taxonomy":"post_tag","embeddable":true,"href":"https:\/\/cofecon.org.br\/cofecon\/index.php?rest_route=%2Fwp%2Fv2%2Ftags&post=19300"}],"curies":[{"name":"wp","href":"https:\/\/api.w.org\/{rel}","templated":true}]}}