{"id":19280,"date":"2022-11-24T11:15:05","date_gmt":"2022-11-24T14:15:05","guid":{"rendered":"https:\/\/www.cofecon.org.br\/?p=19280"},"modified":"2022-11-24T11:15:05","modified_gmt":"2022-11-24T14:15:05","slug":"lacerda-defende-reorganizacao-do-ministerio-da-economia","status":"publish","type":"post","link":"https:\/\/cofecon.org.br\/cofecon\/?p=19280","title":{"rendered":"Lacerda defende reorganiza\u00e7\u00e3o do Minist\u00e9rio da Economia"},"content":{"rendered":"<p><span data-contrast=\"auto\">O presidente do Cofecon, Antonio Corr\u00eaa de Lacerda, falou ao jornal <a href=\"https:\/\/valor.globo.com\/politica\/noticia\/2022\/11\/24\/desmembramento-da-economia-sera-foco-de-grupo.ghtml\">Valor Econ\u00f4mico<\/a> sobre as atividades do grupo de trabalho de Planejamento, Or\u00e7amento e Gest\u00e3o, que faz parte da equipe de transi\u00e7\u00e3o do governo Lula. De acordo com o economista, uma das prioridades ser\u00e1 a reorganiza\u00e7\u00e3o do Minist\u00e9rio da Economia em outras tr\u00eas pastas, que seriam Fazenda; Planejamento; e Ind\u00fastria, Com\u00e9rcio Exterior e Servi\u00e7os.<\/span><span data-ccp-props=\"{&quot;201341983&quot;:0,&quot;335559739&quot;:160,&quot;335559740&quot;:259}\">\u00a0<\/span><\/p>\n<p><span data-contrast=\"auto\">&#8220;Existe um claro diagn\u00f3stico de que o modelo atual n\u00e3o atende \u00e0s necessidades das transi\u00e7\u00f5es energ\u00e9tica, ecol\u00f3gica e digital&#8221;, afirmou Lacerda ao jornal. Ao tempo em que &#8220;n\u00e3o se pode desprezar a experi\u00eancia passada. Para a discuss\u00e3o de outros temas, n\u00e3o haveria tempo h\u00e1bil, no curto prazo&#8221;.<\/span><span data-ccp-props=\"{&quot;201341983&quot;:0,&quot;335559739&quot;:160,&quot;335559740&quot;:259}\">\u00a0<\/span><\/p>\n<p><span data-contrast=\"auto\">Lacerda vinha sendo um cr\u00edtico da jun\u00e7\u00e3o de v\u00e1rias pastas para formar o Minist\u00e9rio da Economia. De acordo com o economista, a medida teve como resultado um apequenamento dos instrumentos de pol\u00edtica econ\u00f4mica, uma vez que, ao concentrar as fun\u00e7\u00f5es, o governo perdeu ferramentas de articula\u00e7\u00e3o com os setores produtivos e com a sociedade. Tamb\u00e9m defende a reindustrializa\u00e7\u00e3o do Pa\u00eds, vendo as transforma\u00e7\u00f5es energ\u00e9tica, ecol\u00f3gica e digital como uma oportunidade para o Brasil.<\/span><span data-ccp-props=\"{&quot;201341983&quot;:0,&quot;335559739&quot;:160,&quot;335559740&quot;:259}\">\u00a0<\/span><\/p>\n<p><span data-contrast=\"auto\">Na pr\u00f3xima quarta-feira (30), o grupo de trabalho apresentar\u00e1 \u00e0 coordena\u00e7\u00e3o da equipe de transi\u00e7\u00e3o um documento com diagn\u00f3sticos e diretrizes necess\u00e1rias. Ainda conforme a mat\u00e9ria, de autoria de Estev\u00e3o Taiar e Matheus Schuch, o foco dos trabalhos na reorganiza\u00e7\u00e3o do Minist\u00e9rio da Economia tem apoio entre os coordenadores da transi\u00e7\u00e3o.<\/span><span data-ccp-props=\"{&quot;201341983&quot;:0,&quot;335559739&quot;:160,&quot;335559740&quot;:259}\">\u00a0<\/span><\/p>\n<p><span data-contrast=\"auto\">Al\u00e9m do presidente do Cofecon, o grupo de trabalho de Planejamento, Or\u00e7amento e Gest\u00e3o tamb\u00e9m \u00e9 composto pelos economistas Esther Dweck, Marcio Pcochmann e Enio Verri, dentre outros.<\/span><\/p>\n<p><span data-contrast=\"auto\"> A mat\u00e9ria pode ser lida clicando <a href=\"https:\/\/valor.globo.com\/politica\/noticia\/2022\/11\/24\/desmembramento-da-economia-sera-foco-de-grupo.ghtml\">AQUI<\/a>.<\/span><span data-ccp-props=\"{&quot;201341983&quot;:0,&quot;335559739&quot;:160,&quot;335559740&quot;:259}\">\u00a0<\/span><\/p><\/p>\n","protected":false},"excerpt":{"rendered":"<p>O presidente do Cofecon, Antonio Corr\u00eaa de Lacerda, falou ao jornal Valor Econ\u00f4mico sobre as atividades do grupo de trabalho de Planejamento, Or\u00e7amento e Gest\u00e3o, que faz parte da equipe de transi\u00e7\u00e3o do governo Lula. De acordo com o economista,<\/p>\n<p><a class=\"more-link\" href=\"https:\/\/cofecon.org.br\/cofecon\/?p=19280\">Leia Mais<\/a><\/p>\n","protected":false},"author":1,"featured_media":19281,"comment_status":"closed","ping_status":"closed","sticky":false,"template":"","format":"standard","meta":{"footnotes":""},"categories":[2],"tags":[],"class_list":["post-19280","post","type-post","status-publish","format-standard","has-post-thumbnail","hentry","category-noticias"],"_links":{"self":[{"href":"https:\/\/cofecon.org.br\/cofecon\/index.php?rest_route=\/wp\/v2\/posts\/19280"}],"collection":[{"href":"https:\/\/cofecon.org.br\/cofecon\/index.php?rest_route=\/wp\/v2\/posts"}],"about":[{"href":"https:\/\/cofecon.org.br\/cofecon\/index.php?rest_route=\/wp\/v2\/types\/post"}],"author":[{"embeddable":true,"href":"https:\/\/cofecon.org.br\/cofecon\/index.php?rest_route=\/wp\/v2\/users\/1"}],"replies":[{"embeddable":true,"href":"https:\/\/cofecon.org.br\/cofecon\/index.php?rest_route=%2Fwp%2Fv2%2Fcomments&post=19280"}],"version-history":[{"count":0,"href":"https:\/\/cofecon.org.br\/cofecon\/index.php?rest_route=\/wp\/v2\/posts\/19280\/revisions"}],"wp:featuredmedia":[{"embeddable":true,"href":"https:\/\/cofecon.org.br\/cofecon\/index.php?rest_route=\/wp\/v2\/media\/19281"}],"wp:attachment":[{"href":"https:\/\/cofecon.org.br\/cofecon\/index.php?rest_route=%2Fwp%2Fv2%2Fmedia&parent=19280"}],"wp:term":[{"taxonomy":"category","embeddable":true,"href":"https:\/\/cofecon.org.br\/cofecon\/index.php?rest_route=%2Fwp%2Fv2%2Fcategories&post=19280"},{"taxonomy":"post_tag","embeddable":true,"href":"https:\/\/cofecon.org.br\/cofecon\/index.php?rest_route=%2Fwp%2Fv2%2Ftags&post=19280"}],"curies":[{"name":"wp","href":"https:\/\/api.w.org\/{rel}","templated":true}]}}