{"id":19275,"date":"2022-11-24T10:25:17","date_gmt":"2022-11-24T13:25:17","guid":{"rendered":"https:\/\/www.cofecon.org.br\/?p=19275"},"modified":"2022-11-24T10:25:17","modified_gmt":"2022-11-24T13:25:17","slug":"lacerda-comenta-recriacao-de-ministerios-e-reinsercao-internacional","status":"publish","type":"post","link":"https:\/\/cofecon.org.br\/cofecon\/?p=19275","title":{"rendered":"Lacerda comenta recria\u00e7\u00e3o de minist\u00e9rios e reinser\u00e7\u00e3o internacional"},"content":{"rendered":"<p><span data-contrast=\"auto\">O presidente do Cofecon, Antonio Corr\u00eaa de Lacerda, foi entrevistado nesta quarta-feira (23) durante uma transmiss\u00e3o realizada pelo Instituto Conhecimento Liberta (ICL). Ele faz parte da equipe de transi\u00e7\u00e3o do governo federal, no grupo de trabalho de Planejamento, Or\u00e7amento e Gest\u00e3o, e falou sobre a reinser\u00e7\u00e3o internacional do Brasil e a coordena\u00e7\u00e3o da economia.<\/span><span data-ccp-props=\"{&quot;201341983&quot;:0,&quot;335559739&quot;:160,&quot;335559740&quot;:259}\">\u00a0<\/span><\/p>\n<p><span data-contrast=\"auto\">O mercado tem cobrado do governo Lula a escolha de um nome para comandar o Minist\u00e9rio da Economia \u2013 ou que outro nome ele venha a ter. Questionado sobre quando seria anunciado o nome, Lacerda comentou: <\/span><span data-contrast=\"auto\">\u201c\u00c9 uma boa pergunta que temos que fazer ao presidente Lula. Na verdade, esta vis\u00e3o parte de uma ideia equivocada de que haver\u00e1 um sabich\u00e3o que vai comandar tudo na \u00e1rea econ\u00f4mica. O programa de governo est\u00e1 sendo constru\u00eddo com base numa alian\u00e7a. \u00c9 um trabalho que envolve 16 partidos e v\u00e1rios segmentos da sociedade\u201d.<\/span><span data-ccp-props=\"{&quot;201341983&quot;:0,&quot;335559739&quot;:160,&quot;335559740&quot;:259}\">\u00a0<\/span><\/p>\n<p><span data-contrast=\"auto\">O presidente do Cofecon criticou a jun\u00e7\u00e3o de v\u00e1rios minist\u00e9rios para formar o Minist\u00e9rio da Economia. \u201cNa pr\u00e1tica, ele cuida do dia a dia, n\u00e3o tem a m\u00ednima vis\u00e3o estrat\u00e9gica, n\u00e3o tem fun\u00e7\u00e3o de planejamento, n\u00e3o tem bra\u00e7o produtivo\u201d, argumentou. \u201cA pol\u00edtica econ\u00f4mica ser\u00e1 do governo, e n\u00e3o de uma s\u00f3 pessoa, mas de uma equipe e um conjunto de minist\u00e9rios atuando de forma integrada. Temos a proposta de recria\u00e7\u00e3o de\u00a0 tr\u00eas minist\u00e9rios, com a Fazenda (com o nome que tiver) cuidando da quest\u00e3o fiscal e do dia a dia; o Planejamento, Or\u00e7amento e Gest\u00e3o resgatando a fun\u00e7\u00e3o do Estado de planejar, que \u00e9 insubstitu\u00edvel; e o antigo Minist\u00e9rio do Desenvolvimento, Ind\u00fastria e Com\u00e9rcio, que precisa ser resgatado, e precisa ter pol\u00edtica industrial.\u201d<\/span><span data-ccp-props=\"{&quot;201341983&quot;:0,&quot;335559739&quot;:160,&quot;335559740&quot;:259}\">\u00a0<\/span><\/p>\n<p><span data-contrast=\"auto\">A necessidade de adotar pol\u00edticas de competitividade tamb\u00e9m foi apontada por Lacerda. \u201cPol\u00edtica industrial, de tecnologia, de com\u00e9rcio exterior, tudo isso precisa fazer parte da estrat\u00e9gia. Na atualidade h\u00e1 uma vis\u00e3o distorcida do \u201cEstado m\u00ednimo\u201d. O setor privado \u00e9 importante, mas tem que ter uma coordena\u00e7\u00e3o do Estado\u201d, acrescentou. \u201cNosso papel na transi\u00e7\u00e3o \u00e9 redesenhar as fun\u00e7\u00f5es espec\u00edficas de planejamento, or\u00e7amento e gest\u00e3o, resgatando antigas fun\u00e7\u00f5es, mas n\u00e3o repetindo-as, porque hoje os desafios s\u00e3o outros. Se a economia n\u00e3o funciona, n\u00e3o h\u00e1 programa social que possa dar conta de corrigir nossas mazelas.\u201d <\/span><span data-ccp-props=\"{&quot;201341983&quot;:0,&quot;335559739&quot;:160,&quot;335559740&quot;:259}\">\u00a0<\/span><\/p>\n<p><span data-contrast=\"auto\">Sobre a atra\u00e7\u00e3o de investimentos estrangeiros, Lacerda chamou a aten\u00e7\u00e3o para o fato de que nos pa\u00edses mais bem-sucedidos na atra\u00e7\u00e3o de investimentos diretos estrangeiros ele apenas representa 10% a 15% do total. \u201cClaro que \u00e9 importante, mas n\u00e3o \u00e9 o preponderante. 85% a 90% dos investimentos s\u00e3o realizados com capitais dom\u00e9sticos, sejam eles privados ou parte do investimento do Estado\u201d, ponderou. \u201cO investimento estrangeiro pode complementar a forma\u00e7\u00e3o bruta de capital, em \u00e1reas como semicondutores, bens de capital, eletroeletr\u00f4nica e qu\u00edmico-f\u00e1rmaco, que representam um grande d\u00e9ficit na nossa balan\u00e7a comercial, e podem ser indutores de uma reinser\u00e7\u00e3o.\u201d<\/span><span data-ccp-props=\"{&quot;201341983&quot;:0,&quot;335559739&quot;:160,&quot;335559740&quot;:259}\">\u00a0<\/span><\/p>\n<p><span data-contrast=\"auto\">Mas para que haja este investimento estrangeiro externo, Lacerda acrescenta que \u00e9 preciso condi\u00e7\u00f5es econ\u00f4micas para isso, e o Brasil precisa se reindustrializar. \u201cEsta desindustrializa\u00e7\u00e3o que vivenciamos se d\u00e1 em fun\u00e7\u00e3o da falta de perspectivas de crescimento da economia, da falta de investimento p\u00fablico, de pol\u00edtica industrial, de estrat\u00e9gia. O investimento estrangeiro, no \u00e2mbito de um projeto aut\u00f4nomo de reinser\u00e7\u00e3o nacional, ser\u00e1 muito relevante\u201d, finalizou.<\/span><span data-ccp-props=\"{&quot;201341983&quot;:0,&quot;335559739&quot;:160,&quot;335559740&quot;:259}\">\u00a0<\/span><\/p>\n<p><span data-contrast=\"auto\">A entrevista pode ser assistida clicando no player abaixo:<\/span><\/p>\n<p><iframe loading=\"lazy\" title=\"MAIS UM CAP\u00cdTULO DO GOLPISMO! VALDEMAR TUMULTUA COM RELAT\u00d3RIO FURADO - \ud83d\udd34 ICL NOT\u00cdCIAS - 23\/11\" width=\"500\" height=\"281\" src=\"https:\/\/www.youtube.com\/embed\/l6k7rXDxcSk?start=5918&#038;feature=oembed\" frameborder=\"0\" allow=\"accelerometer; autoplay; clipboard-write; encrypted-media; gyroscope; picture-in-picture; web-share\" referrerpolicy=\"strict-origin-when-cross-origin\" allowfullscreen><\/iframe><\/p>\n","protected":false},"excerpt":{"rendered":"<p>O presidente do Cofecon, Antonio Corr\u00eaa de Lacerda, foi entrevistado nesta quarta-feira (23) durante uma transmiss\u00e3o realizada pelo Instituto Conhecimento Liberta (ICL). Ele faz parte da equipe de transi\u00e7\u00e3o do governo federal, no grupo de trabalho de Planejamento, Or\u00e7amento e<\/p>\n<p><a class=\"more-link\" href=\"https:\/\/cofecon.org.br\/cofecon\/?p=19275\">Leia Mais<\/a><\/p>\n","protected":false},"author":1,"featured_media":19285,"comment_status":"closed","ping_status":"closed","sticky":false,"template":"","format":"standard","meta":{"footnotes":""},"categories":[2],"tags":[],"class_list":["post-19275","post","type-post","status-publish","format-standard","has-post-thumbnail","hentry","category-noticias"],"_links":{"self":[{"href":"https:\/\/cofecon.org.br\/cofecon\/index.php?rest_route=\/wp\/v2\/posts\/19275"}],"collection":[{"href":"https:\/\/cofecon.org.br\/cofecon\/index.php?rest_route=\/wp\/v2\/posts"}],"about":[{"href":"https:\/\/cofecon.org.br\/cofecon\/index.php?rest_route=\/wp\/v2\/types\/post"}],"author":[{"embeddable":true,"href":"https:\/\/cofecon.org.br\/cofecon\/index.php?rest_route=\/wp\/v2\/users\/1"}],"replies":[{"embeddable":true,"href":"https:\/\/cofecon.org.br\/cofecon\/index.php?rest_route=%2Fwp%2Fv2%2Fcomments&post=19275"}],"version-history":[{"count":0,"href":"https:\/\/cofecon.org.br\/cofecon\/index.php?rest_route=\/wp\/v2\/posts\/19275\/revisions"}],"wp:featuredmedia":[{"embeddable":true,"href":"https:\/\/cofecon.org.br\/cofecon\/index.php?rest_route=\/wp\/v2\/media\/19285"}],"wp:attachment":[{"href":"https:\/\/cofecon.org.br\/cofecon\/index.php?rest_route=%2Fwp%2Fv2%2Fmedia&parent=19275"}],"wp:term":[{"taxonomy":"category","embeddable":true,"href":"https:\/\/cofecon.org.br\/cofecon\/index.php?rest_route=%2Fwp%2Fv2%2Fcategories&post=19275"},{"taxonomy":"post_tag","embeddable":true,"href":"https:\/\/cofecon.org.br\/cofecon\/index.php?rest_route=%2Fwp%2Fv2%2Ftags&post=19275"}],"curies":[{"name":"wp","href":"https:\/\/api.w.org\/{rel}","templated":true}]}}