{"id":19271,"date":"2022-11-24T09:30:00","date_gmt":"2022-11-24T12:30:00","guid":{"rendered":"https:\/\/www.cofecon.org.br\/?p=19271"},"modified":"2022-11-24T09:30:00","modified_gmt":"2022-11-24T12:30:00","slug":"descomplicando-a-economia-semiestagnacao","status":"publish","type":"post","link":"https:\/\/cofecon.org.br\/cofecon\/?p=19271","title":{"rendered":"Descomplicando a Economia: Semiestagna\u00e7\u00e3o"},"content":{"rendered":"<p>A economia \u00e9 comumente considerada um assunto complexo, de dif\u00edcil acesso e que inclui um jarg\u00e3o pr\u00f3prio, o \u201ceconom\u00eas\u201d. Pensando nisso, o Cofecon lan\u00e7a o projeto \u201cDescomplicando a Economia\u201d, que tem como objetivo tornar os conceitos econ\u00f4micos mais acess\u00edveis ao p\u00fablico em geral.<\/p>\n<p>Por meio de publica\u00e7\u00f5es semanais nos sites e nas redes sociais do sistema Cofecon\/Corecons, em formato de quadrinhos, Dona Elda, Guilherme, Manoel e Isabela \u2013 nossos personagens \u2013 ir\u00e3o conversar e explicar temas que fazem parte do dia a dia econ\u00f4mico de toda popula\u00e7\u00e3o.<\/p>\n<p>Confira abaixo o d\u00e9cimo epis\u00f3dio do projeto:<\/p>\n<blockquote class=\"instagram-media\" style=\"background: #FFF; border: 0; border-radius: 3px; box-shadow: 0 0 1px 0 rgba(0,0,0,0.5),0 1px 10px 0 rgba(0,0,0,0.15); margin: 1px; max-width: 540px; min-width: 326px; padding: 0; width: calc(100% - 2px);\" data-instgrm-captioned=\"\" data-instgrm-permalink=\"https:\/\/www.instagram.com\/p\/ClWCGLWO3m6\/?utm_source=ig_embed&amp;utm_campaign=loading\" data-instgrm-version=\"14\">\n<div style=\"padding: 16px;\">\n<div style=\"display: flex; flex-direction: row; align-items: center;\">\n<div style=\"background-color: #f4f4f4; border-radius: 50%; flex-grow: 0; height: 40px; margin-right: 14px; width: 40px;\"><\/div>\n<div style=\"display: flex; flex-direction: column; flex-grow: 1; justify-content: center;\">\n<div style=\"background-color: #f4f4f4; border-radius: 4px; flex-grow: 0; height: 14px; margin-bottom: 6px; width: 100px;\"><\/div>\n<div style=\"background-color: #f4f4f4; border-radius: 4px; flex-grow: 0; height: 14px; width: 60px;\"><\/div>\n<\/div>\n<\/div>\n<div style=\"padding: 19% 0;\"><\/div>\n<div style=\"display: block; height: 50px; margin: 0 auto 12px; width: 50px;\"><\/div>\n<div style=\"padding-top: 8px;\">\n<div style=\"color: #3897f0; font-family: Arial,sans-serif; font-size: 14px; font-style: normal; font-weight: 550; line-height: 18px;\">Ver essa foto no Instagram<\/div>\n<\/div>\n<div style=\"padding: 12.5% 0;\"><\/div>\n<div style=\"display: flex; flex-direction: row; margin-bottom: 14px; align-items: center;\">\n<div>\n<div style=\"background-color: #f4f4f4; border-radius: 50%; height: 12.5px; width: 12.5px; transform: translateX(0px) translateY(7px);\"><\/div>\n<div style=\"background-color: #f4f4f4; height: 12.5px; transform: rotate(-45deg) translateX(3px) translateY(1px); width: 12.5px; flex-grow: 0; margin-right: 14px; margin-left: 2px;\"><\/div>\n<div style=\"background-color: #f4f4f4; border-radius: 50%; height: 12.5px; width: 12.5px; transform: translateX(9px) translateY(-18px);\"><\/div>\n<\/div>\n<div style=\"margin-left: 8px;\">\n<div style=\"background-color: #f4f4f4; border-radius: 50%; flex-grow: 0; height: 20px; width: 20px;\"><\/div>\n<div style=\"width: 0; height: 0; border-top: 2px solid transparent; border-left: 6px solid #f4f4f4; border-bottom: 2px solid transparent; transform: translateX(16px) translateY(-4px) rotate(30deg);\"><\/div>\n<\/div>\n<div style=\"margin-left: auto;\">\n<div style=\"width: 0px; border-top: 8px solid #F4F4F4; border-right: 8px solid transparent; transform: translateY(16px);\"><\/div>\n<div style=\"background-color: #f4f4f4; flex-grow: 0; height: 12px; width: 16px; transform: translateY(-4px);\"><\/div>\n<div style=\"width: 0; height: 0; border-top: 8px solid #F4F4F4; border-left: 8px solid transparent; transform: translateY(-4px) translateX(8px);\"><\/div>\n<\/div>\n<\/div>\n<div style=\"display: flex; flex-direction: column; flex-grow: 1; justify-content: center; margin-bottom: 24px;\">\n<div style=\"background-color: #f4f4f4; border-radius: 4px; flex-grow: 0; height: 14px; margin-bottom: 6px; width: 224px;\"><\/div>\n<div style=\"background-color: #f4f4f4; border-radius: 4px; flex-grow: 0; height: 14px; width: 144px;\"><\/div>\n<\/div>\n<p style=\"color: #c9c8cd; font-family: Arial,sans-serif; font-size: 14px; line-height: 17px; margin-bottom: 0; margin-top: 8px; overflow: hidden; padding: 8px 0 7px; text-align: center; text-overflow: ellipsis; white-space: nowrap;\"><a style=\"color: #c9c8cd; font-family: Arial,sans-serif; font-size: 14px; font-style: normal; font-weight: normal; line-height: 17px; text-decoration: none;\" href=\"https:\/\/www.instagram.com\/p\/ClWCGLWO3m6\/?utm_source=ig_embed&amp;utm_campaign=loading\" target=\"_blank\" rel=\"noopener\">Uma publica\u00e7\u00e3o compartilhada por Conselho Federal de Economia (@cofecon)<\/a><\/p>\n<\/div>\n<\/blockquote>\n<p><script async=\"\" src=\"\/\/www.instagram.com\/embed.js\"><\/script><\/p>\n<p><em>Isabela \u00e9 aluna de ensino m\u00e9dio e frequenta uma escola p\u00fablica no entorno do Distrito Federal. Um dia, Dona Elda fica sabendo de uma vaga de emprego e leva a filha para passar o dia na fila com ela.<br \/>\n<\/em><br \/>\n<em>Paradas na fila, Isabela compara a situa\u00e7\u00e3o com a semiestaga\u00e7\u00e3o da economia. De modo bem simplificado, isso acontece quando h\u00e1 crescimento da infla\u00e7\u00e3o, popula\u00e7\u00e3o fora do mercado de trabalho e m\u00e9dia do Produto Interno Bruto (PIB) baixa. Esses s\u00e3o fatores que impedem o crescimento da economia.<br \/>\n<\/em><br \/>\n<em>#Semiestagna\u00e7\u00e3o #Economia #Descomplica #Cofecon #Corecon<\/em><\/p>\n","protected":false},"excerpt":{"rendered":"<p>A economia \u00e9 comumente considerada um assunto complexo, de dif\u00edcil acesso e que inclui um jarg\u00e3o pr\u00f3prio, o \u201ceconom\u00eas\u201d. Pensando nisso, o Cofecon lan\u00e7a o projeto \u201cDescomplicando a Economia\u201d, que tem como objetivo tornar os conceitos econ\u00f4micos mais acess\u00edveis ao<\/p>\n<p><a class=\"more-link\" href=\"https:\/\/cofecon.org.br\/cofecon\/?p=19271\">Leia Mais<\/a><\/p>\n","protected":false},"author":1,"featured_media":18665,"comment_status":"closed","ping_status":"closed","sticky":false,"template":"","format":"standard","meta":{"footnotes":""},"categories":[2],"tags":[],"class_list":["post-19271","post","type-post","status-publish","format-standard","has-post-thumbnail","hentry","category-noticias"],"_links":{"self":[{"href":"https:\/\/cofecon.org.br\/cofecon\/index.php?rest_route=\/wp\/v2\/posts\/19271"}],"collection":[{"href":"https:\/\/cofecon.org.br\/cofecon\/index.php?rest_route=\/wp\/v2\/posts"}],"about":[{"href":"https:\/\/cofecon.org.br\/cofecon\/index.php?rest_route=\/wp\/v2\/types\/post"}],"author":[{"embeddable":true,"href":"https:\/\/cofecon.org.br\/cofecon\/index.php?rest_route=\/wp\/v2\/users\/1"}],"replies":[{"embeddable":true,"href":"https:\/\/cofecon.org.br\/cofecon\/index.php?rest_route=%2Fwp%2Fv2%2Fcomments&post=19271"}],"version-history":[{"count":0,"href":"https:\/\/cofecon.org.br\/cofecon\/index.php?rest_route=\/wp\/v2\/posts\/19271\/revisions"}],"wp:featuredmedia":[{"embeddable":true,"href":"https:\/\/cofecon.org.br\/cofecon\/index.php?rest_route=\/wp\/v2\/media\/18665"}],"wp:attachment":[{"href":"https:\/\/cofecon.org.br\/cofecon\/index.php?rest_route=%2Fwp%2Fv2%2Fmedia&parent=19271"}],"wp:term":[{"taxonomy":"category","embeddable":true,"href":"https:\/\/cofecon.org.br\/cofecon\/index.php?rest_route=%2Fwp%2Fv2%2Fcategories&post=19271"},{"taxonomy":"post_tag","embeddable":true,"href":"https:\/\/cofecon.org.br\/cofecon\/index.php?rest_route=%2Fwp%2Fv2%2Ftags&post=19271"}],"curies":[{"name":"wp","href":"https:\/\/api.w.org\/{rel}","templated":true}]}}