{"id":19265,"date":"2022-11-23T11:19:53","date_gmt":"2022-11-23T14:19:53","guid":{"rendered":"https:\/\/www.cofecon.org.br\/?p=19265"},"modified":"2022-11-23T11:19:53","modified_gmt":"2022-11-23T14:19:53","slug":"nervosismo-do-mercado-reverberado-pela-midia-e-terrorismo-critica-o-barao-de-itarare","status":"publish","type":"post","link":"https:\/\/cofecon.org.br\/cofecon\/?p=19265","title":{"rendered":"\u2018Nervosismo do mercado\u2019 reverberado pela m\u00eddia \u00e9 terrorismo, critica o Bar\u00e3o de Itarar\u00e9"},"content":{"rendered":"<div id=\"single-the-excerpt\" class=\"column large-12 small-12 \">\n<div class=\"post-excerpt\">\n<p><strong>*Mat\u00e9ria originalmente publicada no portal Rede Brasil Atual.<\/strong><\/p>\n<p><em>O Centro de Estudos da M\u00eddia Alternativa Bar\u00e3o de Itarar\u00e9 debate nesta quarta (23) com os economistas Leda Paulani e Antonio Corr\u00eaa de Lacerda os problemas concretos a serem enfrentados pelo governo Lula para al\u00e9m do \u201cterrorismo midi\u00e1tico\u201d sobre a PEC da Transi\u00e7\u00e3o<\/em><\/p>\n<p>O Centro de Estudos da M\u00eddia Alternativa Bar\u00e3o de Itarar\u00e9 promove nesta quarta-feira (23) uma<em>\u00a0live<\/em>\u00a0com os economistas Leda Paulani e Antonio Corr\u00eaa de Lacerda para debater os problemas concretos a serem enfrentados pelo pr\u00f3ximo governo de Luiz In\u00e1cio Lula da Silva (PT) na \u00e1rea da economia. O objetivo da discuss\u00e3o \u00e9 levantar sa\u00eddas da crise e medidas para promover o bem-estar social para al\u00e9m do \u201cterrorismo midi\u00e1tico\u201d com a Proposta de Emenda \u00e0 Constitui\u00e7\u00e3o que pode viabilizar recursos no or\u00e7amento de 2023 para programas sociais, a chamada PEC da Transi\u00e7\u00e3o.<\/p>\n<p>De acordo com o centro de estudos, o \u201cnervosismo do mercado\u201d com a proposta de investir no Bolsa Fam\u00edlia fora da regra fiscal do teto de gastos, reverberado pela imprensa comercial, \u00e9 uma \u201cchantagem e at\u00e9 mesmo terrorismo\u201d. Com a\u00a0<em>live<\/em>, o Bar\u00e3o de Itarar\u00e9 quer ainda desmistificar o \u201cfanatismo neoliberal\u201d por ajuste das contas p\u00fablicas com os dois especialistas.<\/p>\n<p>Al\u00e9m de economista, Leda \u00e9 tamb\u00e9m professora da Faculdade de Economia e Administra\u00e7\u00e3o da Universidade de S\u00e3o Paulo (USP) e ex-secret\u00e1ria de Planejamento da cidade de S\u00e3o Paulo no mandato de prefeito de Fernando Haddad (PT), entre 2013 a 2016. J\u00e1 Lacerda \u00e9 presidente do Conselho Federal de Economia (Cofecon).<\/p>\n<h2><strong>Desinforma\u00e7\u00f5es sobre a PEC<\/strong><\/h2>\n<p>O debate ser\u00e1 transmitido pelas\u00a0<a href=\"https:\/\/www.youtube.com\/channel\/UCFFJscnLHJXEPDvRpc0QPKA\/videos\" target=\"_blank\" rel=\"noreferrer noopener\">redes sociais do centro de estudos<\/a>, a partir das 19h15. A opini\u00e3o de Leda j\u00e1 havia se tornado p\u00fablica nesta semana ap\u00f3s entrevista ao jornalista J\u00f4 Miyagui, do\u00a0<em>Seu Jornal<\/em>, da\u00a0<strong>TVT<\/strong>, em que ela condenou o \u201calarmismo do mercado em torno da PEC da Transi\u00e7\u00e3o\u201d.<\/p>\n<p>A cr\u00edtica levou em conta uma declara\u00e7\u00e3o do ex-presidente do BNDES Edmar Bacha que atribuiu o equil\u00edbrio fiscal \u00e0 poupan\u00e7a. Em uma entrevista \u00e0 emissora\u00a0<em>CBN,\u00a0<\/em>Bacha alegou que \u201cessa coisa que tem governo de um lado e banqueiro do outro \u00e9 uma ilus\u00e3o. O que tem, na verdade, \u00e9 o governo emitindo d\u00edvida e a popula\u00e7\u00e3o financiando isso, inclusive, atrav\u00e9s das cadernetas de poupan\u00e7a. A seguran\u00e7a das cadernetas de poupan\u00e7a do povo depende do fato do governo ter uma d\u00edvida equilibrada\u201d, disse. De acordo com a professora da USP, por\u00e9m, a afirma\u00e7\u00e3o \u00e9 \u201cabsurda\u201d.<\/p>\n<p>\u201cQuando eu comecei a ouvir falar essa coisa de congelar caderneta de poupan\u00e7a e tal, a\u00ed eu falei \u2018isso \u00e9 fake news de bolsonaristas, n\u00e3o tem nem d\u00favida\u2019. \u2018S\u00e3o essas coisas que os bolsonaristas inventam para ficar tumultuando, pois at\u00e9 agora eles n\u00e3o aceitaram a vit\u00f3ria do presidente Lula\u2019. Mas eu fiquei estarrecida quando eu vi que era Edmar Bacha, que era um economista respeitado, falar um absurdo desse\u201d, rebateu Leda.<\/p>\n<h2><strong>O que diz a equipe<\/strong><\/h2>\n<p>Os interlocutores de Lula na \u00e1rea econ\u00f4mica indicaram nesta ter\u00e7a (22), contudo, que devem incluir um mecanismo que garanta uma nova \u201c\u00e2ncora\u201d fiscal para acalmar o mercado financeiro e os empres\u00e1rios. Os senadores Alessandro Vieira (PSDB-SE) e Tasso Jereissati (PSDB-CE) apresentaram propostas de PEC alternativa para atender aos anseios do mercado. A ideia \u00e9 que, enquanto o texto da equipe de transi\u00e7\u00e3o de Lula prev\u00ea R$ 198 bilh\u00f5es fora do teto de gastos no ano que vem, a proposta de Vieira prop\u00f5e a retirada de R$ 70 bilh\u00f5es do teto por quatro anos; enquanto a de Jereissati retiraria R$ 80 bilh\u00f5es definitivamente.<\/p>\n<p>O ex-ministro da Fazenda e do Planejamento, o economista Nelson Barbosa, integrante da \u00e1rea econ\u00f4mica da transi\u00e7\u00e3o, j\u00e1 anunciou que o novo governo poder\u00e1 gastar mais no pr\u00f3ximo ano, em at\u00e9 R$ 136 bilh\u00f5es, sem aumentar os gastos em rela\u00e7\u00e3o ao total das despesas do or\u00e7amento deste ano.<\/p>\n<p>Entre os economistas progressistas tamb\u00e9m \u00e9 consenso de que as medidas propostas pelo presidente eleito n\u00e3o v\u00e3o provocar infla\u00e7\u00e3o, desemprego, alta do d\u00f3lar, desequil\u00edbrio nas contas p\u00fablicas, ou at\u00e9 mesmo aberra\u00e7\u00f5es alardeadas, como o congelamento de caderneta de poupan\u00e7a, desmentindo assim os que seguem a linha neoliberal e espalham not\u00edcias duvidosas.<\/p>\n<h3>Acompanhe nesta quarta a live com os economistas<\/h3>\n<p><iframe loading=\"lazy\" title=\"[AO VIVO] Desafios econ\u00f4micos para al\u00e9m do terrorismo midi\u00e1tico\" width=\"500\" height=\"281\" src=\"https:\/\/www.youtube.com\/embed\/MqoX25p9Kxg?feature=oembed\" frameborder=\"0\" allow=\"accelerometer; autoplay; clipboard-write; encrypted-media; gyroscope; picture-in-picture; web-share\" referrerpolicy=\"strict-origin-when-cross-origin\" allowfullscreen><\/iframe><\/p>\n<p><strong>*Fonte: <a href=\"https:\/\/www.redebrasilatual.com.br\/economia\/nervosismo-do-mercado-reverberado-pela-midia-e-terrorismo-critica-o-centro-barao-de-itarare\/\">Rede Brasil Atual<\/a><\/strong><\/p>\n<\/div>\n<\/div>\n<div class=\"post-info\"><\/div>\n","protected":false},"excerpt":{"rendered":"<p>*Mat\u00e9ria originalmente publicada no portal Rede Brasil Atual. O Centro de Estudos da M\u00eddia Alternativa Bar\u00e3o de Itarar\u00e9 debate nesta quarta (23) com os economistas Leda Paulani e Antonio Corr\u00eaa de Lacerda os problemas concretos a serem enfrentados pelo governo<\/p>\n<p><a class=\"more-link\" href=\"https:\/\/cofecon.org.br\/cofecon\/?p=19265\">Leia Mais<\/a><\/p>\n","protected":false},"author":1,"featured_media":19266,"comment_status":"closed","ping_status":"closed","sticky":false,"template":"","format":"standard","meta":{"footnotes":""},"categories":[2],"tags":[],"class_list":["post-19265","post","type-post","status-publish","format-standard","has-post-thumbnail","hentry","category-noticias"],"_links":{"self":[{"href":"https:\/\/cofecon.org.br\/cofecon\/index.php?rest_route=\/wp\/v2\/posts\/19265"}],"collection":[{"href":"https:\/\/cofecon.org.br\/cofecon\/index.php?rest_route=\/wp\/v2\/posts"}],"about":[{"href":"https:\/\/cofecon.org.br\/cofecon\/index.php?rest_route=\/wp\/v2\/types\/post"}],"author":[{"embeddable":true,"href":"https:\/\/cofecon.org.br\/cofecon\/index.php?rest_route=\/wp\/v2\/users\/1"}],"replies":[{"embeddable":true,"href":"https:\/\/cofecon.org.br\/cofecon\/index.php?rest_route=%2Fwp%2Fv2%2Fcomments&post=19265"}],"version-history":[{"count":0,"href":"https:\/\/cofecon.org.br\/cofecon\/index.php?rest_route=\/wp\/v2\/posts\/19265\/revisions"}],"wp:featuredmedia":[{"embeddable":true,"href":"https:\/\/cofecon.org.br\/cofecon\/index.php?rest_route=\/wp\/v2\/media\/19266"}],"wp:attachment":[{"href":"https:\/\/cofecon.org.br\/cofecon\/index.php?rest_route=%2Fwp%2Fv2%2Fmedia&parent=19265"}],"wp:term":[{"taxonomy":"category","embeddable":true,"href":"https:\/\/cofecon.org.br\/cofecon\/index.php?rest_route=%2Fwp%2Fv2%2Fcategories&post=19265"},{"taxonomy":"post_tag","embeddable":true,"href":"https:\/\/cofecon.org.br\/cofecon\/index.php?rest_route=%2Fwp%2Fv2%2Ftags&post=19265"}],"curies":[{"name":"wp","href":"https:\/\/api.w.org\/{rel}","templated":true}]}}